{"id":118281,"date":"2012-09-14T14:33:34","date_gmt":"2012-09-14T11:33:34","guid":{"rendered":"http:\/\/www.nationalturk.com\/?p=118281"},"modified":"2012-09-14T14:33:34","modified_gmt":"2012-09-14T11:33:34","slug":"neset-ertasin-tedavisi-suruyor-118281","status":"publish","type":"post","link":"https:\/\/www.nationalturk.com\/tr\/neset-ertasin-tedavisi-suruyor-118281\/","title":{"rendered":"Ne\u015fet Erta\u015f&#8217;\u0131n tedavisi s\u00fcr\u00fcyor"},"content":{"rendered":"<h1><img loading=\"lazy\" decoding=\"async\" class=\"alignleft size-medium wp-image-118283\" title=\"Ne\u015fet Erta\u015f\" src=\"http:\/\/www.nationalturk.com\/tr\/wp-content\/uploads\/2012\/09\/neset_ertas_hastaneye_kaldirildi-280x209.jpg\" alt=\"\" width=\"280\" height=\"209\" srcset=\"https:\/\/www.nationalturk.com\/tr\/wp-content\/uploads\/2012\/09\/neset_ertas_hastaneye_kaldirildi-280x209.jpg 280w, https:\/\/www.nationalturk.com\/tr\/wp-content\/uploads\/2012\/09\/neset_ertas_hastaneye_kaldirildi.jpg 494w\" sizes=\"auto, (max-width: 280px) 100vw, 280px\" \/>\u0130zmir&#8217;de rahats\u0131zlanan ve Pazartesi g\u00fcn\u00fc \u00f6zel bir hastaneye kald\u0131r\u0131lan T\u00fcrk Halk M\u00fczi\u011finin ya\u015fayan efsanesi Ne\u015fet Erta\u015f&#8217;\u0131n tedavisine devam ediliyor.<\/h1>\n<p>Hastaneden yap\u0131lan yaz\u0131l\u0131 a\u00e7\u0131klamaya g\u00f6re kronik bir rahats\u0131zl\u0131k sebebiyle onkoloji servisinde bulunan Erta\u015f&#8217;\u0131n genel durumu iyi. Tedaviye ise en az bir hafta daha devam edilecek. Hastane yetkilileri, Erta\u015f\u2019\u0131n ziyaret edilmemesini isteyerek, &#8220;Say\u0131n Ne\u015fet Erta\u015f, kronik tedavisinin bir d\u00f6nemi i\u00e7in hastanemizde bir s\u00fcre misafir edilmektedir. Serviste izlenmekte olup genel durumu iyidir.&#8221; dedi.<\/p>\n<!-- Error, Advert is not available at this time due to schedule\/geolocation restrictions! -->\n","protected":false},"excerpt":{"rendered":"<p>\u0130zmir&#8217;de rahats\u0131zlanan ve Pazartesi g\u00fcn\u00fc \u00f6zel bir hastaneye kald\u0131r\u0131lan T\u00fcrk Halk M\u00fczi\u011finin ya\u015fayan efsanesi Ne\u015fet Erta\u015f&#8217;\u0131n tedavisine devam ediliyor.<\/p>\n","protected":false},"author":4,"featured_media":182344,"comment_status":"open","ping_status":"open","sticky":false,"template":"","format":"standard","meta":{"_acf_changed":false,"footnotes":""},"categories":[6221,5005,6670,349,6805],"tags":[1681,16492,111026,111024,111025,111029,111027],"class_list":["post-118281","post","type-post","status-publish","format-standard","has-post-thumbnail","hentry","category-kultur","category-manset","category-sanat","category-son-dakika","category-turkiye","tag-izmir","tag-neset-ertas","tag-neset-ertas-hastane","tag-neset-ertas-hastaneye","tag-neset-ertas-hastaneye-kaldirildi","tag-neset-ertas-izmir","tag-neset-ertas-saglik-durumu"],"acf":[],"_links":{"self":[{"href":"https:\/\/www.nationalturk.com\/tr\/wp-json\/wp\/v2\/posts\/118281","targetHints":{"allow":["GET"]}}],"collection":[{"href":"https:\/\/www.nationalturk.com\/tr\/wp-json\/wp\/v2\/posts"}],"about":[{"href":"https:\/\/www.nationalturk.com\/tr\/wp-json\/wp\/v2\/types\/post"}],"author":[{"embeddable":true,"href":"https:\/\/www.nationalturk.com\/tr\/wp-json\/wp\/v2\/users\/4"}],"replies":[{"embeddable":true,"href":"https:\/\/www.nationalturk.com\/tr\/wp-json\/wp\/v2\/comments?post=118281"}],"version-history":[{"count":0,"href":"https:\/\/www.nationalturk.com\/tr\/wp-json\/wp\/v2\/posts\/118281\/revisions"}],"wp:featuredmedia":[{"embeddable":true,"href":"https:\/\/www.nationalturk.com\/tr\/wp-json\/wp\/v2\/media\/182344"}],"wp:attachment":[{"href":"https:\/\/www.nationalturk.com\/tr\/wp-json\/wp\/v2\/media?parent=118281"}],"wp:term":[{"taxonomy":"category","embeddable":true,"href":"https:\/\/www.nationalturk.com\/tr\/wp-json\/wp\/v2\/categories?post=118281"},{"taxonomy":"post_tag","embeddable":true,"href":"https:\/\/www.nationalturk.com\/tr\/wp-json\/wp\/v2\/tags?post=118281"}],"curies":[{"name":"wp","href":"https:\/\/api.w.org\/{rel}","templated":true}]}}