{"id":118536,"date":"2012-09-18T11:43:08","date_gmt":"2012-09-18T08:43:08","guid":{"rendered":"http:\/\/www.nationalturk.com\/?p=118536"},"modified":"2012-09-18T11:43:08","modified_gmt":"2012-09-18T08:43:08","slug":"bdpli-sebahat-tuncele-8-yil-9-ay-hapis-cezasi-118536","status":"publish","type":"post","link":"https:\/\/www.nationalturk.com\/tr\/bdpli-sebahat-tuncele-8-yil-9-ay-hapis-cezasi-118536\/","title":{"rendered":"BDP&#8217;li Sebahat Tuncel&#8217;e 8 y\u0131l 9 ay hapis cezas\u0131"},"content":{"rendered":"<h1><img loading=\"lazy\" decoding=\"async\" class=\"alignleft size-medium wp-image-118537\" title=\"Sebahat Tuncel hapis cezas\u0131\" src=\"http:\/\/www.nationalturk.com\/tr\/wp-content\/uploads\/2012\/09\/sebahat_tuncel_aciklamaa-280x210.jpg\" alt=\"\" width=\"280\" height=\"210\" srcset=\"https:\/\/www.nationalturk.com\/tr\/wp-content\/uploads\/2012\/09\/sebahat_tuncel_aciklamaa-280x210.jpg 280w, https:\/\/www.nationalturk.com\/tr\/wp-content\/uploads\/2012\/09\/sebahat_tuncel_aciklamaa.jpg 500w\" sizes=\"auto, (max-width: 280px) 100vw, 280px\" \/>BDP Milletvekili Sebahat Tuncel ter\u00f6r \u00f6rg\u00fct\u00fc \u00fcyeli\u011fi su\u00e7lamas\u0131yla yarg\u0131land\u0131\u011f\u0131 davada 8 y\u0131l 9 ay hapis cezas\u0131na mahkum oldu. \/\u00a0BDP&#8217;li Sebahat Tuncel&#8217;e 8 y\u0131l 9 ay hapis cezas\u0131&#8230;<\/h1>\n<p>Bar\u0131\u015f ve Demokrasi Partisi (BDP) milletvekili Sebahat Tuncel hakk\u0131nda PKK ter\u00f6r \u00f6rg\u00fct\u00fc \u00fcyesi oldu\u011fu gerek\u00e7esiyle 8 y\u0131l 9 ay hapis cezas\u0131 verildi. Sebahat Tuncel&#8217;e ayr\u0131ca yurt d\u0131\u015f\u0131na \u00e7\u0131k\u0131\u015f yasa\u011f\u0131 kondu.<\/p>\n<p>\u0130stanbul 10. A\u011f\u0131r Ceza Mahkemesi&#8217;nde yarg\u0131lanan Tuncel bu davada tutuklu yarg\u0131lan\u0131rken 2007 y\u0131l\u0131nda milletvekili se\u00e7ilmi\u015f ve tahliye edilmi\u015fti.\u00a0Karar Yarg\u0131tay taraf\u0131ndan onaylan\u0131rsa Tuncel&#8217;in mileltvekilli\u011fi d\u00fc\u015fecek.<\/p>\n<span style=\"font-weight: bold; color: #f00;\">Error, group does not exist! Check your syntax! (ID: 62)<\/span>\n","protected":false},"excerpt":{"rendered":"<p>BDP Milletvekili Sebahat Tuncel ter\u00f6r \u00f6rg\u00fct\u00fc \u00fcyeli\u011fi su\u00e7lamas\u0131yla yarg\u0131land\u0131\u011f\u0131 davada 8 y\u0131l 9 ay hapis cezas\u0131na mahkum oldu. \/ BDP&#8217;li Sebahat Tuncel&#8217;e 8 y\u0131l 9 ay hapis cezas\u0131&#8230;<\/p>\n","protected":false},"author":4,"featured_media":182300,"comment_status":"open","ping_status":"open","sticky":false,"template":"","format":"standard","meta":{"_acf_changed":false,"footnotes":""},"categories":[6155,5005,6202,349,6805],"tags":[11498,5592,12756,111398,15899],"class_list":["post-118536","post","type-post","status-publish","format-standard","has-post-thumbnail","hentry","category-gundem","category-manset","category-politika","category-son-dakika","category-turkiye","tag-bdp","tag-pkk","tag-sebahat-tuncel","tag-sebahat-tuncel-pkk","tag-yargitay"],"acf":[],"_links":{"self":[{"href":"https:\/\/www.nationalturk.com\/tr\/wp-json\/wp\/v2\/posts\/118536","targetHints":{"allow":["GET"]}}],"collection":[{"href":"https:\/\/www.nationalturk.com\/tr\/wp-json\/wp\/v2\/posts"}],"about":[{"href":"https:\/\/www.nationalturk.com\/tr\/wp-json\/wp\/v2\/types\/post"}],"author":[{"embeddable":true,"href":"https:\/\/www.nationalturk.com\/tr\/wp-json\/wp\/v2\/users\/4"}],"replies":[{"embeddable":true,"href":"https:\/\/www.nationalturk.com\/tr\/wp-json\/wp\/v2\/comments?post=118536"}],"version-history":[{"count":0,"href":"https:\/\/www.nationalturk.com\/tr\/wp-json\/wp\/v2\/posts\/118536\/revisions"}],"wp:featuredmedia":[{"embeddable":true,"href":"https:\/\/www.nationalturk.com\/tr\/wp-json\/wp\/v2\/media\/182300"}],"wp:attachment":[{"href":"https:\/\/www.nationalturk.com\/tr\/wp-json\/wp\/v2\/media?parent=118536"}],"wp:term":[{"taxonomy":"category","embeddable":true,"href":"https:\/\/www.nationalturk.com\/tr\/wp-json\/wp\/v2\/categories?post=118536"},{"taxonomy":"post_tag","embeddable":true,"href":"https:\/\/www.nationalturk.com\/tr\/wp-json\/wp\/v2\/tags?post=118536"}],"curies":[{"name":"wp","href":"https:\/\/api.w.org\/{rel}","templated":true}]}}