{"id":118726,"date":"2012-09-20T14:23:17","date_gmt":"2012-09-20T11:23:17","guid":{"rendered":"http:\/\/www.nationalturk.com\/?p=118726"},"modified":"2012-09-20T14:23:17","modified_gmt":"2012-09-20T11:23:17","slug":"ahu-tugbanin-kizi-obamanin-davetlisi-118726","status":"publish","type":"post","link":"https:\/\/www.nationalturk.com\/tr\/ahu-tugbanin-kizi-obamanin-davetlisi-118726\/","title":{"rendered":"Ahu Tu\u011fba&#8217;n\u0131n k\u0131z\u0131 Obama&#8217;n\u0131n davetlisi!"},"content":{"rendered":"<h1><img loading=\"lazy\" decoding=\"async\" class=\"alignleft size-medium wp-image-118727\" title=\"Ahu Tu\u011fba ve k\u0131z\u0131 Anjelik\" src=\"http:\/\/www.nationalturk.com\/tr\/wp-content\/uploads\/2012\/09\/ahu-tugba_kizi-e1348140111271-280x183.jpg\" alt=\"\" width=\"280\" height=\"183\" srcset=\"https:\/\/www.nationalturk.com\/tr\/wp-content\/uploads\/2012\/09\/ahu-tugba_kizi-e1348140111271-280x183.jpg 280w, https:\/\/www.nationalturk.com\/tr\/wp-content\/uploads\/2012\/09\/ahu-tugba_kizi-e1348140111271.jpg 312w\" sizes=\"auto, (max-width: 280px) 100vw, 280px\" \/>\u00dcnl\u00fc aktrist Ahu Tu\u011fba&#8217;n\u0131n ABD&#8217;de e\u011fitim g\u00f6rd\u00fc\u011f\u00fc \u00fcniversitede birinci olan k\u0131z\u0131 Anjelik, ABD Ba\u015fkan\u0131 Barack Obama&#8217;n\u0131n davetlisi olarak Beyaz Saray&#8217;a gitti.<\/h1>\n<p>Takvim Gazetesi&#8217;nden Deniz Bayar&#8217;\u0131n haberine g\u00f6re, Florida Everglades \u00dcniversitesi&#8217;nde ge\u00e7en d\u00f6nemi birincilikle bitiren Anjelik Calvin bir\u00e7ok yard\u0131m faaliyetinde de bulundu. Kanser hastalar\u0131, huzurevindeki ya\u015fl\u0131lar ve evsizler i\u00e7in \u00e7al\u0131\u015fan Anjelik Calvin, okulunun puan\u0131n\u0131 da y\u00fckseltti.<\/p>\n<p>Bunun \u00fczerine ABD Ba\u015fkan\u0131 Obama, Everglades \u00dcniversitesi&#8217;nin dekan\u0131 ile Anjelik&#8217;i Beyaz Saray&#8217;a davet etti. Ge\u00e7ti\u011fimiz g\u00fcnlerde Obama&#8217;n\u0131n davetine kat\u0131lan Anjelik Calvin, ABD Ba\u015fkan\u0131 ile g\u00f6r\u00fc\u015ft\u00fc.<\/p>\n<p>ABD Ba\u015fkan\u0131 ile ayak\u00fcst\u00fc sohbet eden Anjelik, Obama i\u00e7in \u015funlar\u0131 s\u00f6yledi: &#8220;Her zamanki gibi babacan ve espriliydi. Onunla konu\u015ftu\u011fum i\u00e7in \u00e7ok heyecanland\u0131m. Her \u015fey mucize gibiydi.&#8221;<\/p>\n<span style=\"font-weight: bold; color: #f00;\">Error, group does not exist! Check your syntax! (ID: 52)<\/span>\n","protected":false},"excerpt":{"rendered":"<p>\u00dcnl\u00fc aktrist Ahu Tu\u011fba&#8217;n\u0131n ABD&#8217;de e\u011fitim g\u00f6rd\u00fc\u011f\u00fc \u00fcniversitede birinci olan k\u0131z\u0131 Anjelik, ABD Ba\u015fkan\u0131 Barack Obama&#8217;n\u0131n davetlisi olarak Beyaz Saray&#8217;a gitti.<\/p>\n","protected":false},"author":4,"featured_media":182265,"comment_status":"open","ping_status":"open","sticky":false,"template":"","format":"standard","meta":{"_acf_changed":false,"footnotes":""},"categories":[6768,6665,6155,6232,5005,6805],"tags":[68403,68404,2509,2936,4902],"class_list":["post-118726","post","type-post","status-publish","format-standard","has-post-thumbnail","hentry","category-amerika","category-dunya","category-gundem","category-magazin","category-manset","category-turkiye","tag-ahu-tugba","tag-ahu-tugba-kizi","tag-barack-obama","tag-beyaz-saray","tag-obama"],"acf":[],"_links":{"self":[{"href":"https:\/\/www.nationalturk.com\/tr\/wp-json\/wp\/v2\/posts\/118726","targetHints":{"allow":["GET"]}}],"collection":[{"href":"https:\/\/www.nationalturk.com\/tr\/wp-json\/wp\/v2\/posts"}],"about":[{"href":"https:\/\/www.nationalturk.com\/tr\/wp-json\/wp\/v2\/types\/post"}],"author":[{"embeddable":true,"href":"https:\/\/www.nationalturk.com\/tr\/wp-json\/wp\/v2\/users\/4"}],"replies":[{"embeddable":true,"href":"https:\/\/www.nationalturk.com\/tr\/wp-json\/wp\/v2\/comments?post=118726"}],"version-history":[{"count":0,"href":"https:\/\/www.nationalturk.com\/tr\/wp-json\/wp\/v2\/posts\/118726\/revisions"}],"wp:featuredmedia":[{"embeddable":true,"href":"https:\/\/www.nationalturk.com\/tr\/wp-json\/wp\/v2\/media\/182265"}],"wp:attachment":[{"href":"https:\/\/www.nationalturk.com\/tr\/wp-json\/wp\/v2\/media?parent=118726"}],"wp:term":[{"taxonomy":"category","embeddable":true,"href":"https:\/\/www.nationalturk.com\/tr\/wp-json\/wp\/v2\/categories?post=118726"},{"taxonomy":"post_tag","embeddable":true,"href":"https:\/\/www.nationalturk.com\/tr\/wp-json\/wp\/v2\/tags?post=118726"}],"curies":[{"name":"wp","href":"https:\/\/api.w.org\/{rel}","templated":true}]}}