{"id":118794,"date":"2012-09-21T12:21:57","date_gmt":"2012-09-21T09:21:57","guid":{"rendered":"http:\/\/www.nationalturk.com\/?p=118794"},"modified":"2012-09-21T12:21:57","modified_gmt":"2012-09-21T09:21:57","slug":"italya-ulkeden-adam-kaciran-23-cia-ajanina-mahkumiyet-onandi-118794","status":"publish","type":"post","link":"https:\/\/www.nationalturk.com\/tr\/italya-ulkeden-adam-kaciran-23-cia-ajanina-mahkumiyet-onandi-118794\/","title":{"rendered":"\u0130talya : \u00dclkeden adam ka\u00e7\u0131ran 23 CIA ajan\u0131na mahkumiyet onand\u0131"},"content":{"rendered":"<figure id=\"attachment_118797\" aria-describedby=\"caption-attachment-118797\" style=\"width: 610px\" class=\"wp-caption alignnone\"><img loading=\"lazy\" decoding=\"async\" class=\"size-full wp-image-118797\" title=\"\u0130talya : \u00dclkeden adam ka\u00e7\u0131ran 23 CIA ajan\u0131na mahkumiyet onand\u0131\" src=\"http:\/\/www.nationalturk.com\/tr\/wp-content\/uploads\/2012\/09\/Robert-Seldon-Lady-italya-cia-adam-kacirma-nationalturk-0455.jpg\" alt=\"\u0130talya : \u00dclkeden adam ka\u00e7\u0131ran 23 CIA ajan\u0131na mahkumiyet onand\u0131\" width=\"610\" height=\"340\" \/><figcaption id=\"caption-attachment-118797\" class=\"wp-caption-text\">\u0130talya : \u00dclkeden adam ka\u00e7\u0131ran 23 CIA ajan\u0131na mahkumiyet onand\u0131<\/figcaption><\/figure>\n<h1>\u0130talyan Yarg\u0131tay\u0131 2003&#8217;te \u0130talya&#8217;dan imam ka\u00e7\u0131rma operasyonunun temyiz davas\u0131nda operasyona kat\u0131lan 23 Amerikal\u0131 CIA ajan\u0131na verilen mahkumiyet karar\u0131n\u0131 onaylad\u0131.<\/h1>\n<p>Roma, \u0130talya \/ NationalTurk &#8211; \u0130talyan Yarg\u0131tay&#8217;\u0131, 2003&#8217;te CIA ajanlar\u0131 ve \u0130talyan gizli servisinin i\u015fbirli\u011fiyle ter\u00f6r \u015f\u00fcphelisi olarak \u0130talya&#8217;dan ka\u00e7\u0131r\u0131lan d\u00f6nemin Milano imam\u0131 M\u0131s\u0131r as\u0131ll\u0131 Osama Mustafa Hasan Nasr&#8217;\u0131n temyiz davas\u0131nda, ka\u00e7\u0131rma operasyonunda yer alan 23 Amerikal\u0131 CIA ajan\u0131n mahkumiyet karar\u0131n\u0131 onad\u0131.<\/p>\n<p>Ka\u00e7\u0131rma operasyonda g\u00f6rev alan CIA&#8217;n\u0131n o d\u00f6nemki Milano istasyon \u015fefi Robert Seldon Lady 9 y\u0131l, di\u011fer 22 ajan ise 7 y\u0131l ceza ald\u0131. Ajanlar \u015fu an i\u00e7in Avrupa&#8217;da de\u011fil, ancak Avrupa&#8217;ya ya da \u0130talya&#8217;ya gelmeleri halinde tutuklanacak. CIA&#8217;den ayr\u0131lan Robert Seldon Lady \u0130talya taraf\u0131ndan aranan bir ka\u00e7ak.<\/p>\n<p>2007 y\u0131l\u0131nda eski CIA ajan\u0131 Robert Seldon Lady bir dergiye verdi\u011fi r\u00f6portajda, o d\u00f6nemki \u00fcstlerinin kendisine ka\u00e7\u0131rma konusunda &#8221;\u00e7enemi kapay\u0131p sessiz kalmam\u0131 ve olay\u0131n nas\u0131l olsa yat\u0131\u015faca\u011f\u0131n\u0131, bu olaylar\u0131n hep yat\u0131\u015ft\u0131\u011f\u0131n\u0131&#8221; s\u00f6yleyerek dikkatleri \u00fczerine \u00e7ekmi\u015fti.<\/p>\n<!-- Error, Advert is not available at this time due to schedule\/geolocation restrictions! -->\n","protected":false},"excerpt":{"rendered":"<p>\u0130talyan Yarg\u0131tay\u0131 2003&#8217;te \u0130talya&#8217;dan imam ka\u00e7\u0131rma operasyonunun temyiz davas\u0131nda operasyona kat\u0131lan 23 Amerikal\u0131 CIA ajan\u0131na verilen mahkumiyet karar\u0131n\u0131 onaylad\u0131.<\/p>\n","protected":false},"author":683,"featured_media":118797,"comment_status":"open","ping_status":"open","sticky":false,"template":"","format":"standard","meta":{"_acf_changed":false,"footnotes":""},"categories":[6768,6770,6665,6155,5005,6202,349],"tags":[85885,111718],"class_list":["post-118794","post","type-post","status-publish","format-standard","has-post-thumbnail","hentry","category-amerika","category-avrupa","category-dunya","category-gundem","category-manset","category-politika","category-son-dakika","tag-cia-ajanlari","tag-italya-milano"],"acf":[],"_links":{"self":[{"href":"https:\/\/www.nationalturk.com\/tr\/wp-json\/wp\/v2\/posts\/118794","targetHints":{"allow":["GET"]}}],"collection":[{"href":"https:\/\/www.nationalturk.com\/tr\/wp-json\/wp\/v2\/posts"}],"about":[{"href":"https:\/\/www.nationalturk.com\/tr\/wp-json\/wp\/v2\/types\/post"}],"author":[{"embeddable":true,"href":"https:\/\/www.nationalturk.com\/tr\/wp-json\/wp\/v2\/users\/683"}],"replies":[{"embeddable":true,"href":"https:\/\/www.nationalturk.com\/tr\/wp-json\/wp\/v2\/comments?post=118794"}],"version-history":[{"count":0,"href":"https:\/\/www.nationalturk.com\/tr\/wp-json\/wp\/v2\/posts\/118794\/revisions"}],"wp:featuredmedia":[{"embeddable":true,"href":"https:\/\/www.nationalturk.com\/tr\/wp-json\/wp\/v2\/media\/118797"}],"wp:attachment":[{"href":"https:\/\/www.nationalturk.com\/tr\/wp-json\/wp\/v2\/media?parent=118794"}],"wp:term":[{"taxonomy":"category","embeddable":true,"href":"https:\/\/www.nationalturk.com\/tr\/wp-json\/wp\/v2\/categories?post=118794"},{"taxonomy":"post_tag","embeddable":true,"href":"https:\/\/www.nationalturk.com\/tr\/wp-json\/wp\/v2\/tags?post=118794"}],"curies":[{"name":"wp","href":"https:\/\/api.w.org\/{rel}","templated":true}]}}