{"id":118907,"date":"2012-09-24T10:40:00","date_gmt":"2012-09-24T07:40:00","guid":{"rendered":"http:\/\/www.nationalturk.com\/?p=118907"},"modified":"2019-03-28T13:29:49","modified_gmt":"2019-03-28T10:29:49","slug":"carrickin-gol-saygisi-118907","status":"publish","type":"post","link":"https:\/\/www.nationalturk.com\/tr\/carrickin-gol-saygisi-118907\/","title":{"rendered":"Carrick&#8217;in Gol Sayg\u0131s\u0131"},"content":{"rendered":"<h1><img loading=\"lazy\" decoding=\"async\" class=\"alignleft size-medium wp-image-118908\" title=\"\" src=\"http:\/\/www.nationalturk.com\/tr\/wp-content\/uploads\/2012\/09\/mg-anasayfa1-206x220.jpg\" alt=\"\" width=\"206\" height=\"220\" srcset=\"https:\/\/www.nationalturk.com\/tr\/wp-content\/uploads\/2012\/09\/mg-anasayfa1-206x220.jpg 206w, https:\/\/www.nationalturk.com\/tr\/wp-content\/uploads\/2012\/09\/mg-anasayfa1.jpg 300w\" sizes=\"auto, (max-width: 206px) 100vw, 206px\" \/>NationalTurk yorumcusu M\u00fcsl\u00fcm G\u00fclhan&#8217;\u0131n Manchester United Galatasaray ma\u00e7\u0131 sonras\u0131 kaleme ald\u0131\u011f\u0131 &#8216;Carrick&#8217;in Gol Sayg\u0131s\u0131&#8217; ba\u015fl\u0131kl\u0131 yaz\u0131s\u0131;<\/h1>\n<p>Ma\u00e7\u0131 kazan\u0131rken gol atan oyuncunun sevinci ve i\u00e7inde bulundu\u011fu ko\u015fullar\u0131 de\u011ferlendirilmesi aras\u0131nda \u00e7o\u011fu zaman tutars\u0131zl\u0131klar olur.<\/p>\n<p>O andaki adrenalin; d\u00fc\u015f\u00fcnce yetisinin yok olmas\u0131na ve bast\u0131r\u0131lm\u0131\u015f bir tak\u0131m tav\u0131rlar\u0131n ortaya \u00e7\u0131kmas\u0131n\u0131 sa\u011flar.<br \/>\nBu tabi ki normal bir \u015fey\u2026<\/p>\n<p>Ama gol an\u0131nda sadece kazanma duygusun sayg\u0131nl\u0131\u011f\u0131 i\u00e7inde davranmak; tak\u0131m\u0131n \u00f6\u011fretileri ve prensiplerinin etkisinden ba\u015fka bir \u015fey de\u011fildir\u2026<\/p>\n<p>Carrick\u2019in gol an\u0131nda Muslera\u2019n\u0131n \u00e7elmesi nedeniyle d\u00fc\u015fmesinden sonra gol pozisyonunu devam ettirmesi ciddi bir sayg\u0131nl\u0131kt\u0131r.<\/p>\n<p>Penalt\u0131y\u0131 kovalay\u0131p, Muslera\u2019y\u0131 att\u0131r\u0131p Galatasaray\u2019\u0131 10 ki\u015fi b\u0131rakt\u0131r\u0131p ma\u00e7\u0131n kolayla\u015fmas\u0131n\u0131 \u00e7ok rahat sa\u011flayabilirdi.<br \/>\nTak\u0131m \u00f6\u011fretilerinin temeli; rakibe sayg\u0131, futbola sayg\u0131 oldu\u011fu ortadad\u0131r.<\/p>\n<p>Bizde de \u00e7o\u011fu futbolcu arkada\u015flar\u0131m\u0131z neredeyse \u00e7\u0131k\u0131\u015f t\u00fcnelinden itibaren kendilerini atmaya ba\u015fl\u0131yorlar.<br \/>\nSan\u0131r\u0131m futbolun \u00f6nc\u00fcl\u00fc\u011f\u00fc sayg\u0131 \u00fczerinde olmal\u0131d\u0131r.<\/p>\n<p>Ama bunun i\u00e7in derin bir futbol k\u00fclt\u00fcr\u00fcne ve Ferguson mitine ihtiya\u00e7 vard\u0131r.<\/p>\n<p>Sadece kenarda \u00f6\u011fretilmi\u015f tav\u0131rlar i\u00e7inde durmak size ma\u00e7 kazand\u0131r\u0131r veya kaybettirir fakat futbol ad\u0131na hi\u00e7bir katk\u0131s\u0131 olmaz.<\/p>\n<p>Asl\u0131nda M Un\u0131ted ile Galatasaray ma\u00e7\u0131 bu bak\u0131mdan incelenmesi gereken bir m\u00fcsabakad\u0131r.<br \/>\nSavunma ve h\u00fccum prensiplerinin i\u00e7 i\u00e7e ge\u00e7irilip uygulanmas\u0131 ve oyun \u015fablonun sahada uygulanmas\u0131 zaten skoru da ortaya koymu\u015ftur.<\/p>\n<p>Ferguson ile Terim aras\u0131ndaki bu k\u00fclt\u00fcrel fark oyunlar\u0131n sete kar\u015f\u0131 taktiksel varyasyonlar\u0131 oynamay\u0131 becerme ve becerememe aras\u0131ndaki fark kadard\u0131r.<\/p>\n<p>Bunlar taktiksel farkl\u0131l\u0131klard\u0131r.<br \/>\nAma Ferguson\u2019un \u00e7ocuklar\u0131n\u0131 \u015eampiyonlar Liginde yeti\u015ftirmesi ve her sene farkl\u0131l\u0131klar i\u00e7iren kadrosunda ayn\u0131 oyun yap\u0131s\u0131n\u0131 ve ba\u015far\u0131n\u0131n devam\u0131n\u0131 sa\u011flamas\u0131 sadece saha i\u00e7ine ba\u011flamak m\u00fcmk\u00fcn de\u011fildir.<\/p>\n<p>Bizim tart\u0131\u015fmam\u0131z gereken konu budur.<br \/>\nBunun en iyi \u00f6rne\u011fi. Fenerbah\u00e7e\u2019nin Ronaldolu, Rooneyli, Nanili M Un\u0131ted\u2019\u0131 3-0 yenmesi sonras\u0131 o \u00e7aylak tak\u0131m\u0131n \u00fc\u00e7 sene sonra Roma\u2019y\u0131 7-1 yenmesine kadar giden s\u00fcre\u00e7tir.<\/p>\n<p>M Un\u0131ted da ya\u015fam saha i\u00e7i ve d\u0131\u015f\u0131ndaki tutarl\u0131l\u0131kla bir b\u00fct\u00fcnl\u00fck i\u00e7ermektedir.<br \/>\nKal\u0131c\u0131 ba\u015far\u0131n\u0131n kural\u0131 budur.<br \/>\nCarrick\u2019\u0131n sayg\u0131s\u0131 bu b\u00fct\u00fcnl\u00fc\u011f\u00fcn sa\u011flad\u0131\u011f\u0131 k\u00fclt\u00fcr\u00fcn sonucudur.<\/p>\n<p>Kazanmak; futbol ad\u0131na t\u00fcm ahlaki de\u011ferlere sahip \u00e7\u0131karak anlaml\u0131 olur. \u015eiddet unsurlar\u0131n\u0131 i\u00e7eren bir tak\u0131m kendine \u00f6zg\u00fc, bireysel anlams\u0131z el kol hareketlerini trib\u00fcnlere yaparak veya yedek kul\u00fcbesine kendi gol sevincini dikte ettirerek olmaz.<br \/>\nM Un\u0131ted ve Barcelona\u2019y\u0131 seyrederken sadece saha i\u00e7inde ki futbola tak\u0131lmamam\u0131z laz\u0131m\u2026<\/p>\n<p>O g\u00fczel oyunun arkas\u0131ndaki ger\u00e7eklerle y\u00fczle\u015fmemiz gerekir, belki o zaman farkl\u0131l\u0131klar\u0131 anlar\u0131z.<\/p>\n<p><strong>M\u00fcsl\u00fcm G\u00fclhan \/ NationalTurk<\/strong><\/p>\n<!-- Error, Advert is not available at this time due to schedule\/geolocation restrictions! -->\n","protected":false},"excerpt":{"rendered":"<p>NationalTurk yorumcusu M\u00fcsl\u00fcm G\u00fclhan&#8217;\u0131n Manchester United Galatasaray ma\u00e7\u0131 sonras\u0131 kaleme ald\u0131\u011f\u0131 &#8216;Carrick&#8217;in Gol Sayg\u0131s\u0131&#8217; ba\u015fl\u0131kl\u0131 yaz\u0131s\u0131;<\/p>\n","protected":false},"author":9192211,"featured_media":182229,"comment_status":"open","ping_status":"open","sticky":false,"template":"","format":"standard","meta":{"_acf_changed":false,"footnotes":""},"categories":[6774,5005,6194],"tags":[56876,4114,9965,195969,10061],"class_list":["post-118907","post","type-post","status-publish","format-standard","has-post-thumbnail","hentry","category-futbol","category-manset","category-spor","tag-carrick","tag-galatasaray","tag-manchester-united","tag-muslum-gulhan","tag-nationalturk"],"acf":[],"_links":{"self":[{"href":"https:\/\/www.nationalturk.com\/tr\/wp-json\/wp\/v2\/posts\/118907","targetHints":{"allow":["GET"]}}],"collection":[{"href":"https:\/\/www.nationalturk.com\/tr\/wp-json\/wp\/v2\/posts"}],"about":[{"href":"https:\/\/www.nationalturk.com\/tr\/wp-json\/wp\/v2\/types\/post"}],"author":[{"embeddable":true,"href":"https:\/\/www.nationalturk.com\/tr\/wp-json\/wp\/v2\/users\/9192211"}],"replies":[{"embeddable":true,"href":"https:\/\/www.nationalturk.com\/tr\/wp-json\/wp\/v2\/comments?post=118907"}],"version-history":[{"count":0,"href":"https:\/\/www.nationalturk.com\/tr\/wp-json\/wp\/v2\/posts\/118907\/revisions"}],"wp:featuredmedia":[{"embeddable":true,"href":"https:\/\/www.nationalturk.com\/tr\/wp-json\/wp\/v2\/media\/182229"}],"wp:attachment":[{"href":"https:\/\/www.nationalturk.com\/tr\/wp-json\/wp\/v2\/media?parent=118907"}],"wp:term":[{"taxonomy":"category","embeddable":true,"href":"https:\/\/www.nationalturk.com\/tr\/wp-json\/wp\/v2\/categories?post=118907"},{"taxonomy":"post_tag","embeddable":true,"href":"https:\/\/www.nationalturk.com\/tr\/wp-json\/wp\/v2\/tags?post=118907"}],"curies":[{"name":"wp","href":"https:\/\/api.w.org\/{rel}","templated":true}]}}