{"id":118988,"date":"2012-09-25T12:17:15","date_gmt":"2012-09-25T09:17:15","guid":{"rendered":"http:\/\/www.nationalturk.com\/?p=118988"},"modified":"2012-09-25T12:17:15","modified_gmt":"2012-09-25T09:17:15","slug":"neset-ertas-kirsehir-cenaze-toreni-118988","status":"publish","type":"post","link":"https:\/\/www.nationalturk.com\/tr\/neset-ertas-kirsehir-cenaze-toreni-118988\/","title":{"rendered":"Ne\u015fet Erta\u015f vefat etti \/ K\u0131r\u015fehir&#8217;de h\u00fcz\u00fcnl\u00fc haz\u0131rl\u0131klar ba\u015flad\u0131"},"content":{"rendered":"<h1><img loading=\"lazy\" decoding=\"async\" class=\"alignleft size-medium wp-image-118989\" title=\"Ne\u015fet Erta\u015f\" src=\"http:\/\/www.nationalturk.com\/tr\/wp-content\/uploads\/2012\/09\/neset_ertas_mezar_kirsehir-280x186.jpg\" alt=\"\" width=\"280\" height=\"186\" srcset=\"https:\/\/www.nationalturk.com\/tr\/wp-content\/uploads\/2012\/09\/neset_ertas_mezar_kirsehir-280x186.jpg 280w, https:\/\/www.nationalturk.com\/tr\/wp-content\/uploads\/2012\/09\/neset_ertas_mezar_kirsehir-602x400.jpg 602w, https:\/\/www.nationalturk.com\/tr\/wp-content\/uploads\/2012\/09\/neset_ertas_mezar_kirsehir.jpg 712w\" sizes=\"auto, (max-width: 280px) 100vw, 280px\" \/>Bu sabah \u0130zmir&#8217;de tedavi g\u00f6rd\u00fc\u011f\u00fc hastanede vefat eden ozan Ne\u015fet Erta\u015f memleketi K\u0131r\u015fehir&#8217;de topra\u011fa verilecek. Ne\u015fet Erta\u015f&#8217;\u0131n ustas\u0131 ve babas\u0131 Muharrem Erta\u015f&#8217;\u0131n da yatt\u0131\u011f\u0131 Ba\u011fba\u015f\u0131 Mezarl\u0131\u011f\u0131&#8217;nda cenaze t\u00f6reni i\u00e7in haz\u0131rl\u0131klar ba\u015flad\u0131.<\/h1>\n<p>K\u0131r\u015fehir Belediyesi, Ne\u015fet Erta\u015f&#8217;\u0131n babas\u0131 Muharrem Erta\u015f&#8217;\u0131n mezar\u0131n\u0131n da bulundu\u011fu Ba\u011fba\u015f\u0131 Mezarl\u0131\u011f\u0131&#8217;ndaki mezar a\u00e7ma \u00e7al\u0131\u015fmalar\u0131n\u0131 s\u00fcrd\u00fcr\u00fcyor. Sanat\u00e7\u0131n\u0131n, Ba\u015fba\u015f\u0131 Mahallesi&#8217;nde 16 y\u0131l ya\u015fad\u0131\u011f\u0131 evde de bak\u0131m yap\u0131l\u0131yor.<\/p>\n<p>Ne\u015fet Erta\u015f&#8217;\u0131n halas\u0131n\u0131n o\u011flu Ayd\u0131n \u00c7eki\u00e7, kendisinin mahalli sanat\u00e7\u0131 \u00c7eki\u00e7 Ali&#8217;nin o\u011flu oldu\u011funu belirterek &#8220;\u015eu anda ne d\u00fc\u015f\u00fcnece\u011fimi bilemiyorum. \u015ea\u015fk\u0131n bir vaziyetteyim. \u0130nanam\u0131yorum. B\u00f6yle bir dev sanat\u00e7\u0131n\u0131n kaybolmas\u0131 bizim ve memleketimiz i\u00e7in \u00fclkemiz i\u00e7in \u00e7ok b\u00fcy\u00fck bir kay\u0131p. T\u00fcrk\u00fc baba idi. T\u00fcrk\u00fc olarak saz olarak, eser olarak bir Ne\u015fet Erta\u015f daha duyulmu\u015f de\u011fil. Babam vard\u0131 rahmetlik oldu, babas\u0131 vard\u0131 rahmetlik oldu. Ya\u015fayan efsane olarak bir bu vard\u0131. Hakk\u0131n rahmetine kavu\u015ftu&#8221; diye konu\u015ftu.<\/p>\n<p>Arkada\u015f\u0131 Mehmet Polat da \u00c7i\u00e7ekda\u011f\u0131&#8217;n\u0131n \u0130bikli k\u00f6y\u00fcnde birlikte \u00e7ocukluklar\u0131n\u0131 ge\u00e7irdikleri Ne\u015fet Erta\u015f&#8217;\u0131n 1952 y\u0131l\u0131ndan 1956 y\u0131l\u0131na kadar bu k\u00f6yde ya\u015fad\u0131\u011f\u0131n\u0131 belirtti.<\/p>\n<p>K\u0131r\u015fehir&#8217;in Ba\u011fba\u015f\u0131 Mahallesi&#8217;ndeki kom\u015fular\u0131ndan Serkan Ertem de, &#8221;Onun vefat\u0131n\u0131 \u00f6\u011frendik. \u00c7ok \u00f6zg\u00fcn\u00fcz. Bizim hayat\u0131m\u0131z, abdall\u0131k, ustal\u0131k \u00f6rf ve adedimiz sona ermi\u015ftir&#8221; dedi.<\/p>\n<!-- Error, Advert is not available at this time due to schedule\/geolocation restrictions! -->\n","protected":false},"excerpt":{"rendered":"<p>Bu sabah \u0130zmir&#8217;de tedavi g\u00f6rd\u00fc\u011f\u00fc hastanede vefat eden ozan Ne\u015fet Erta\u015f memleketi K\u0131r\u015fehir&#8217;de topra\u011fa verilecek. Ne\u015fet Erta\u015f&#8217;\u0131n ustas\u0131 ve babas\u0131 Muharrem Erta\u015f&#8217;\u0131n da yatt\u0131\u011f\u0131 Ba\u011fba\u015f\u0131 Mezarl\u0131\u011f\u0131&#8217;nda cenaze t\u00f6reni i\u00e7in haz\u0131rl\u0131klar ba\u015flad\u0131.<\/p>\n","protected":false},"author":4,"featured_media":182212,"comment_status":"open","ping_status":"open","sticky":false,"template":"","format":"standard","meta":{"_acf_changed":false,"footnotes":""},"categories":[6155,6221,5005,6670,349,6805],"tags":[44274,111941,16492,111939,111940,111914,111917,111913,111916,111915],"class_list":["post-118988","post","type-post","status-publish","format-standard","has-post-thumbnail","hentry","category-gundem","category-kultur","category-manset","category-sanat","category-son-dakika","category-turkiye","tag-kirsehir","tag-kirsehir-belediyesi","tag-neset-ertas","tag-neset-ertas-cenaze","tag-neset-ertas-cenaze-toreni","tag-neset-ertas-hayatini-kaybetti","tag-neset-ertas-kimdir","tag-neset-ertas-oldu","tag-neset-ertas-son-dakika","tag-neset-ertas-vefat-etti"],"acf":[],"_links":{"self":[{"href":"https:\/\/www.nationalturk.com\/tr\/wp-json\/wp\/v2\/posts\/118988","targetHints":{"allow":["GET"]}}],"collection":[{"href":"https:\/\/www.nationalturk.com\/tr\/wp-json\/wp\/v2\/posts"}],"about":[{"href":"https:\/\/www.nationalturk.com\/tr\/wp-json\/wp\/v2\/types\/post"}],"author":[{"embeddable":true,"href":"https:\/\/www.nationalturk.com\/tr\/wp-json\/wp\/v2\/users\/4"}],"replies":[{"embeddable":true,"href":"https:\/\/www.nationalturk.com\/tr\/wp-json\/wp\/v2\/comments?post=118988"}],"version-history":[{"count":0,"href":"https:\/\/www.nationalturk.com\/tr\/wp-json\/wp\/v2\/posts\/118988\/revisions"}],"wp:featuredmedia":[{"embeddable":true,"href":"https:\/\/www.nationalturk.com\/tr\/wp-json\/wp\/v2\/media\/182212"}],"wp:attachment":[{"href":"https:\/\/www.nationalturk.com\/tr\/wp-json\/wp\/v2\/media?parent=118988"}],"wp:term":[{"taxonomy":"category","embeddable":true,"href":"https:\/\/www.nationalturk.com\/tr\/wp-json\/wp\/v2\/categories?post=118988"},{"taxonomy":"post_tag","embeddable":true,"href":"https:\/\/www.nationalturk.com\/tr\/wp-json\/wp\/v2\/tags?post=118988"}],"curies":[{"name":"wp","href":"https:\/\/api.w.org\/{rel}","templated":true}]}}