{"id":119277,"date":"2012-09-28T17:36:55","date_gmt":"2012-09-28T14:36:55","guid":{"rendered":"http:\/\/www.nationalturk.com\/?p=119277"},"modified":"2026-04-27T02:23:05","modified_gmt":"2026-04-26T23:23:05","slug":"trabzonspor-irkcilik-olayini-avrupa-insan-haklari-mahkemesine-tasidi-119277","status":"publish","type":"post","link":"https:\/\/www.nationalturk.com\/tr\/trabzonspor-irkcilik-olayini-avrupa-insan-haklari-mahkemesine-tasidi-119277\/","title":{"rendered":"Trabzonspor \u0131rk\u00e7\u0131l\u0131k olay\u0131n\u0131 Avrupa \u0130nsan Haklar\u0131 Mahkemesi&#8217;ne ta\u015f\u0131d\u0131!"},"content":{"rendered":"<h1><img loading=\"lazy\" decoding=\"async\" class=\"alignleft size-medium wp-image-119278\" title=\"Emre Zokora\" src=\"http:\/\/www.nationalturk.com\/tr\/wp-content\/uploads\/2012\/09\/emre_zokora_kufur-280x210.jpg\" alt=\"\" width=\"280\" height=\"210\" srcset=\"https:\/\/www.nationalturk.com\/tr\/wp-content\/uploads\/2012\/09\/emre_zokora_kufur-280x210.jpg 280w, https:\/\/www.nationalturk.com\/tr\/wp-content\/uploads\/2012\/09\/emre_zokora_kufur.jpg 500w\" sizes=\"auto, (max-width: 280px) 100vw, 280px\" \/>Trabzonsporlu Didier Zokora ile Fenerbah\u00e7eli Emre Bel\u00f6zo\u011flu aras\u0131nda ya\u015fanan \u0131rk\u00e7\u0131l\u0131k tart\u0131\u015fmas\u0131 Bordo Mavili kul\u00fcp taraf\u0131ndan Avrupa \u0130nsan Haklar\u0131 Mahkemesi&#8217;ne ta\u015f\u0131nd\u0131.<\/h1>\n<p>Zokora&#8217;n\u0131n kul\u00fcb\u00fc Trabzonspor&#8217;un internet sitesinden yap\u0131lan a\u00e7\u0131klamada baz\u0131 bas\u0131n yay\u0131n organlar\u0131nda Trabzonspor taraf\u0131ndan yap\u0131lacak hukuki ba\u015fvurulara ili\u015fkin yorumlar yap\u0131ld\u0131\u011f\u0131, bu nedenle kamuoyunu bilgilendirme gere\u011fi duyuldu\u011fu belirtildi.<\/p>\n<p>A\u00e7\u0131klamada, Trabzonspor ad\u0131na A\u0130HM\u2019e yap\u0131lan ba\u015fvurunun gerek\u00e7elerine de\u011finilerek &#8220;Kul\u00fcb\u00fcm\u00fcz ad\u0131na Avrupa \u0130nsan Haklar\u0131 Mahkemesi\u2019ne yap\u0131lan ba\u015fvurular, esas olarak T\u00fcrkiye Cumhuriyeti Anayasas\u0131 ve T\u00fcrkiye Futbol Federasyonu (TFF) Kanunu uyar\u0131nca, zorunlu ve nihai yarg\u0131lama mercileri olan Profesyonel Disiplin Kurulu (PFDK) ile Tahkim Kurulu\u2019nun, yapt\u0131\u011f\u0131m\u0131z ba\u015fvurularda adil yarg\u0131lanma hakk\u0131yla, kul\u00fcb\u00fcm\u00fcz sporcusu Didier Zokora\u2019n\u0131n \u0131rksal ayr\u0131mc\u0131l\u0131\u011fa kar\u015f\u0131 korunma hakk\u0131n\u0131n ihlal edilmesi dolay\u0131s\u0131yla yap\u0131lmaktad\u0131r. Bu ba\u015fvurular\u0131 yapma gere\u011fi, TFF hukuk kurullar\u0131n\u0131n yarg\u0131lamalar\u0131n duru\u015fmal\u0131 yap\u0131lmas\u0131 taleplerimiz de dahil olmak \u00fczere t\u00fcm ba\u015fvurular\u0131m\u0131z\u0131 tatmin edici gerek\u00e7eler g\u00f6stermeksizin reddetmesi sebebiyle do\u011fmu\u015ftur&#8221; ifadeleri kullan\u0131ld\u0131.<\/p>\n<p>Kul\u00fcb\u00fcn haklar\u0131n\u0131n her t\u00fcrl\u00fc hukuki yola ba\u015fvurularak savunulaca\u011f\u0131 ifade edilen a\u00e7\u0131klamada, \u015fu ifadelere yer verildi:<\/p>\n<p>&#8220;\u00d6nemle vurgulamak isteriz ki kul\u00fcb\u00fcm\u00fcz\u00fcn temel haklar\u0131ndan olan adil yarg\u0131lanma hakk\u0131, TFF Y\u00f6netim Kurulu taraf\u0131ndan atanan, g\u00f6rev s\u00fcresi kendisini atayanlar\u0131n g\u00f6revleri sona erdi\u011finde otomatik olarak sona erecek olan ve bu \u00e7er\u00e7evede adil yarg\u0131lama yapmalar\u0131 \u015fekilsel olarak m\u00fcmk\u00fcn olmayan \u2019yarg\u0131 organlar\u0131\u2019 taraf\u0131ndan ihlal edilmi\u015ftir.<\/p>\n<p>Disiplin Talimat\u0131\u2019n\u0131n \u2019m\u00fcsabaka sonu\u00e7lar\u0131n\u0131 etkileme\u2019 ihlaline ili\u015fkin maddesinin de\u011fi\u015ftirilmemesine ili\u015fkin genel kurul karar\u0131n\u0131 hi\u00e7e sayarak, bu h\u00fck\u00fcmleri ilk f\u0131rsatta de\u011fi\u015ftiren bir organ taraf\u0131ndan atanan \u2019yarg\u0131lama mercileri\u2019 taraf\u0131ndan verilen kararlara kar\u015f\u0131 ba\u015fvurulabilecek ba\u015fkaca bir i\u00e7 hukuk yolu olmad\u0131\u011f\u0131ndan, bu kurullar\u0131n yarg\u0131lamalar\u0131nda Avrupa \u0130nsan Haklar\u0131 S\u00f6zle\u015fmesi\u2019nin getirdi\u011fi standartlar\u0131n uygulanmas\u0131 gerekti\u011fi a\u015fikard\u0131r.&#8221;<\/p>\n<!-- Error, Advert is not available at this time due to schedule\/geolocation restrictions! -->\n","protected":false},"excerpt":{"rendered":"<p>Trabzonsporlu Didier Zokora ile Fenerbah\u00e7eli Emre Bel\u00f6zo\u011flu aras\u0131nda ya\u015fanan \u0131rk\u00e7\u0131l\u0131k tart\u0131\u015fmas\u0131 Bordo Mavili kul\u00fcp taraf\u0131ndan Avrupa \u0130nsan Haklar\u0131 Mahkemesi&#8217;ne ta\u015f\u0131nd\u0131.<\/p>\n","protected":false},"author":4,"featured_media":182153,"comment_status":"open","ping_status":"open","sticky":false,"template":"","format":"standard","meta":{"_acf_changed":false,"footnotes":""},"categories":[6774,5005,6194],"tags":[15250,15425,31074,26981,99098,849,3037,96687,71408,99540,99539,99538],"class_list":["post-119277","post","type-post","status-publish","format-standard","has-post-thumbnail","hentry","category-futbol","category-manset","category-spor","tag-aihm","tag-avrupa-insan-haklari-mahkemesi","tag-didier-zokora","tag-emre-belozoglu","tag-emre-zokora","tag-fenerbahce","tag-trabzon","tag-trabzonspor-fenerbahce-maci","tag-zokora","tag-zokora-emre-belozoglu-tekme","tag-zokora-tekme","tag-zokoranin-attigi-tekme"],"acf":[],"_links":{"self":[{"href":"https:\/\/www.nationalturk.com\/tr\/wp-json\/wp\/v2\/posts\/119277","targetHints":{"allow":["GET"]}}],"collection":[{"href":"https:\/\/www.nationalturk.com\/tr\/wp-json\/wp\/v2\/posts"}],"about":[{"href":"https:\/\/www.nationalturk.com\/tr\/wp-json\/wp\/v2\/types\/post"}],"author":[{"embeddable":true,"href":"https:\/\/www.nationalturk.com\/tr\/wp-json\/wp\/v2\/users\/4"}],"replies":[{"embeddable":true,"href":"https:\/\/www.nationalturk.com\/tr\/wp-json\/wp\/v2\/comments?post=119277"}],"version-history":[{"count":1,"href":"https:\/\/www.nationalturk.com\/tr\/wp-json\/wp\/v2\/posts\/119277\/revisions"}],"predecessor-version":[{"id":308963,"href":"https:\/\/www.nationalturk.com\/tr\/wp-json\/wp\/v2\/posts\/119277\/revisions\/308963"}],"wp:featuredmedia":[{"embeddable":true,"href":"https:\/\/www.nationalturk.com\/tr\/wp-json\/wp\/v2\/media\/182153"}],"wp:attachment":[{"href":"https:\/\/www.nationalturk.com\/tr\/wp-json\/wp\/v2\/media?parent=119277"}],"wp:term":[{"taxonomy":"category","embeddable":true,"href":"https:\/\/www.nationalturk.com\/tr\/wp-json\/wp\/v2\/categories?post=119277"},{"taxonomy":"post_tag","embeddable":true,"href":"https:\/\/www.nationalturk.com\/tr\/wp-json\/wp\/v2\/tags?post=119277"}],"curies":[{"name":"wp","href":"https:\/\/api.w.org\/{rel}","templated":true}]}}