{"id":119288,"date":"2012-09-29T10:48:04","date_gmt":"2012-09-29T07:48:04","guid":{"rendered":"http:\/\/www.nationalturk.com\/?p=119288"},"modified":"2012-09-29T10:48:04","modified_gmt":"2012-09-29T07:48:04","slug":"akdeniz-aciklarinda-deprem-119288","status":"publish","type":"post","link":"https:\/\/www.nationalturk.com\/tr\/akdeniz-aciklarinda-deprem-119288\/","title":{"rendered":"Akdeniz a\u00e7\u0131klar\u0131nda 4,1 b\u00fcy\u00fckl\u00fc\u011f\u00fcnde iki deprem"},"content":{"rendered":"<h1><a href=\"http:\/\/www.nationalturk.com\/tr\/wp-content\/uploads\/2012\/09\/akdeniz-aciklarinda-deprem.jpg\"><img loading=\"lazy\" decoding=\"async\" class=\"alignleft size-medium wp-image-119289\" title=\"Akdeniz a\u00e7\u0131klar\u0131nda 4,1 b\u00fcy\u00fckl\u00fc\u011f\u00fcnde iki deprem\" src=\"http:\/\/www.nationalturk.com\/tr\/wp-content\/uploads\/2012\/09\/akdeniz-aciklarinda-deprem-280x155.jpg\" alt=\"\" width=\"280\" height=\"155\" srcset=\"https:\/\/www.nationalturk.com\/tr\/wp-content\/uploads\/2012\/09\/akdeniz-aciklarinda-deprem-280x155.jpg 280w, https:\/\/www.nationalturk.com\/tr\/wp-content\/uploads\/2012\/09\/akdeniz-aciklarinda-deprem-610x338.jpg 610w, https:\/\/www.nationalturk.com\/tr\/wp-content\/uploads\/2012\/09\/akdeniz-aciklarinda-deprem.jpg 630w\" sizes=\"auto, (max-width: 280px) 100vw, 280px\" \/><\/a>Akdeniz a\u00e7\u0131klar\u0131nda 4,1 b\u00fcy\u00fckl\u00fc\u011f\u00fcnde iki ayr\u0131 deprem meydana geldi.<\/h1>\n<p>Afet ve Acil Durum Y\u00f6netimi Ba\u015fkanl\u0131\u011f\u0131 (AFAD) Deprem Dairesi Ba\u015fkanl\u0131\u011f\u0131 ve Bo\u011fazi\u00e7i \u00dcniversitesi Kandilli Rasathanesi ve Deprem Ara\u015ft\u0131rma Enstit\u00fcs\u00fc&#8217;nden edinilen bilgiye g\u00f6re, merkez \u00fcss\u00fc Akdeniz Do\u011fu Baseni olan ilki saat 05.39&#8217;da, ikincisi ise 08.25&#8217;de olmak \u00fczere her ikisi de 4,1 b\u00fcy\u00fckl\u00fc\u011f\u00fcnde iki ayr\u0131 deprem olu\u015ftu.<\/p>\n<p>\u0130lk belirlemelere g\u00f6re depremler nedeniyle hasar olu\u015fmad\u0131\u011f\u0131 \u00f6\u011frenildi.<\/p>\n<!-- Error, Advert is not available at this time due to schedule\/geolocation restrictions! -->\n","protected":false},"excerpt":{"rendered":"<p>Akdeniz a\u00e7\u0131klar\u0131nda 4,1 b\u00fcy\u00fckl\u00fc\u011f\u00fcnde iki ayr\u0131 deprem meydana geldi.<\/p>\n","protected":false},"author":3,"featured_media":182150,"comment_status":"open","ping_status":"open","sticky":false,"template":"","format":"standard","meta":{"_acf_changed":false,"footnotes":""},"categories":[6155,5005,349,6805],"tags":[70456,112276,112273,72183,14320,112274],"class_list":["post-119288","post","type-post","status-publish","format-standard","has-post-thumbnail","hentry","category-gundem","category-manset","category-son-dakika","category-turkiye","tag-afad","tag-afad-duyuru","tag-afet-ve-acil-durum-yonetimi-baskanligi","tag-bogazici-universitesi-kandilli-rasathanesi","tag-deprem","tag-deprem-arastirma-enstitusu"],"acf":[],"_links":{"self":[{"href":"https:\/\/www.nationalturk.com\/tr\/wp-json\/wp\/v2\/posts\/119288","targetHints":{"allow":["GET"]}}],"collection":[{"href":"https:\/\/www.nationalturk.com\/tr\/wp-json\/wp\/v2\/posts"}],"about":[{"href":"https:\/\/www.nationalturk.com\/tr\/wp-json\/wp\/v2\/types\/post"}],"author":[{"embeddable":true,"href":"https:\/\/www.nationalturk.com\/tr\/wp-json\/wp\/v2\/users\/3"}],"replies":[{"embeddable":true,"href":"https:\/\/www.nationalturk.com\/tr\/wp-json\/wp\/v2\/comments?post=119288"}],"version-history":[{"count":0,"href":"https:\/\/www.nationalturk.com\/tr\/wp-json\/wp\/v2\/posts\/119288\/revisions"}],"wp:featuredmedia":[{"embeddable":true,"href":"https:\/\/www.nationalturk.com\/tr\/wp-json\/wp\/v2\/media\/182150"}],"wp:attachment":[{"href":"https:\/\/www.nationalturk.com\/tr\/wp-json\/wp\/v2\/media?parent=119288"}],"wp:term":[{"taxonomy":"category","embeddable":true,"href":"https:\/\/www.nationalturk.com\/tr\/wp-json\/wp\/v2\/categories?post=119288"},{"taxonomy":"post_tag","embeddable":true,"href":"https:\/\/www.nationalturk.com\/tr\/wp-json\/wp\/v2\/tags?post=119288"}],"curies":[{"name":"wp","href":"https:\/\/api.w.org\/{rel}","templated":true}]}}