{"id":119360,"date":"2012-10-01T10:54:15","date_gmt":"2012-10-01T07:54:15","guid":{"rendered":"http:\/\/www.nationalturk.com\/?p=119360"},"modified":"2012-10-01T10:54:15","modified_gmt":"2012-10-01T07:54:15","slug":"edremit-belediyesine-operasyon-mhpli-belediye-baskani-gozaltinda-119360","status":"publish","type":"post","link":"https:\/\/www.nationalturk.com\/tr\/edremit-belediyesine-operasyon-mhpli-belediye-baskani-gozaltinda-119360\/","title":{"rendered":"Edremit Belediyesi&#8217;ne operasyon \/ MHP&#8217;li Belediye Ba\u015fkan\u0131 g\u00f6zalt\u0131nda"},"content":{"rendered":"<h1><img loading=\"lazy\" decoding=\"async\" class=\"alignleft size-medium wp-image-119362\" title=\"\" src=\"http:\/\/www.nationalturk.com\/tr\/wp-content\/uploads\/2012\/10\/son-dakika-dikey1-206x220.jpg\" alt=\"\" width=\"206\" height=\"220\" srcset=\"https:\/\/www.nationalturk.com\/tr\/wp-content\/uploads\/2012\/10\/son-dakika-dikey1-206x220.jpg 206w, https:\/\/www.nationalturk.com\/tr\/wp-content\/uploads\/2012\/10\/son-dakika-dikey1.jpg 300w\" sizes=\"auto, (max-width: 206px) 100vw, 206px\" \/>Bal\u0131kesir&#8217;in Edremit Belediyesi&#8217;ne polis taraf\u0131ndan operasyon d\u00fczenlendi. Operasyonda MHP&#8217;li Edremit Belediye Ba\u015fkan\u0131 Tuncay K\u0131l\u0131\u00e7 ifadesi al\u0131nmak \u00fczere Emniyet M\u00fcd\u00fcrl\u00fc\u011f\u00fc&#8217;ne g\u00f6t\u00fcr\u00fcld\u00fc.<\/h1>\n<p>Al\u0131nan bilgilere g\u00f6re Bal\u0131kesir Emniyet M\u00fcd\u00fcrl\u00fc\u011f\u00fc Ka\u00e7ak\u00e7\u0131l\u0131k ve Organize Su\u00e7larla M\u00fccadele (KOM) \u015eube M\u00fcd\u00fcrl\u00fc\u011f\u00fc ekiplerince Edremit Belediyesi&#8217;ne y\u00f6nelik d\u00fczenlenen operasyonda Belediye Ba\u015fkan\u0131 Tuncay K\u0131l\u0131\u00e7, ifadesine ba\u015fvurulmak \u00fczere Edremit Emniyet M\u00fcd\u00fcrl\u00fc\u011f\u00fc&#8217;ne g\u00f6t\u00fcr\u00fcld\u00fc. Yakla\u015f\u0131k 7 ayl\u0131k takip ve ara\u015ft\u0131rmalar\u0131n ard\u0131ndan Bal\u0131kesir Cumhuriyet Savc\u0131l\u0131\u011f\u0131&#8217;n\u0131n koordinasyonunda, KOM ekiplerinin, \u0130l\u00e7e Emniyet M\u00fcd\u00fcrl\u00fc\u011f\u00fc&#8217;n\u00fcn deste\u011fiyle, sabah erken saatlerde ba\u015flatt\u0131\u011f\u0131 operasyon s\u00fcr\u00fcyor.<\/p>\n<p>Belediye&#8217;ye ba\u011fl\u0131 \u015firket Edbel Ltd. \u015eti&#8217;ye de bask\u0131n d\u00fczenlendi.<\/p>\n<p>G\u00f6zalt\u0131na al\u0131nan Belediye Ba\u015fkan\u0131 Tuncay K\u0131l\u0131\u00e7 emniyete g\u00f6t\u00fcr\u00fclmeden \u00f6nce sa\u011fl\u0131k kontrol\u00fcnden ge\u00e7irildi.<\/p>\n<p>Operasyon kapsam\u0131nda, Edbel Ltd. \u015eti&#8217;deki belge ve bilgisayar kay\u0131tlar\u0131na el konuldu\u011fu, belediye ve \u015firketteki aramalar\u0131n s\u00fcrd\u00fc\u011f\u00fc bildirildi.<\/p>\n<!-- Error, Advert is not available at this time due to schedule\/geolocation restrictions! -->\n","protected":false},"excerpt":{"rendered":"<p>Bal\u0131kesir&#8217;in Edremit Belediyesi&#8217;ne polis taraf\u0131ndan operasyon d\u00fczenlendi. Operasyonda MHP&#8217;li Edremit Belediye Ba\u015fkan\u0131 Tuncay K\u0131l\u0131\u00e7 ifadesi al\u0131nmak \u00fczere Emniyet M\u00fcd\u00fcrl\u00fc\u011f\u00fc&#8217;ne g\u00f6t\u00fcr\u00fcld\u00fc.<\/p>\n","protected":false},"author":4,"featured_media":182138,"comment_status":"open","ping_status":"open","sticky":false,"template":"","format":"standard","meta":{"_acf_changed":false,"footnotes":""},"categories":[6155,5005,6202,349,6805],"tags":[11984,40862,100389,10829],"class_list":["post-119360","post","type-post","status-publish","format-standard","has-post-thumbnail","hentry","category-gundem","category-manset","category-politika","category-son-dakika","category-turkiye","tag-balikesir","tag-edremit","tag-edremit-operasyon","tag-mhp"],"acf":[],"_links":{"self":[{"href":"https:\/\/www.nationalturk.com\/tr\/wp-json\/wp\/v2\/posts\/119360","targetHints":{"allow":["GET"]}}],"collection":[{"href":"https:\/\/www.nationalturk.com\/tr\/wp-json\/wp\/v2\/posts"}],"about":[{"href":"https:\/\/www.nationalturk.com\/tr\/wp-json\/wp\/v2\/types\/post"}],"author":[{"embeddable":true,"href":"https:\/\/www.nationalturk.com\/tr\/wp-json\/wp\/v2\/users\/4"}],"replies":[{"embeddable":true,"href":"https:\/\/www.nationalturk.com\/tr\/wp-json\/wp\/v2\/comments?post=119360"}],"version-history":[{"count":0,"href":"https:\/\/www.nationalturk.com\/tr\/wp-json\/wp\/v2\/posts\/119360\/revisions"}],"wp:featuredmedia":[{"embeddable":true,"href":"https:\/\/www.nationalturk.com\/tr\/wp-json\/wp\/v2\/media\/182138"}],"wp:attachment":[{"href":"https:\/\/www.nationalturk.com\/tr\/wp-json\/wp\/v2\/media?parent=119360"}],"wp:term":[{"taxonomy":"category","embeddable":true,"href":"https:\/\/www.nationalturk.com\/tr\/wp-json\/wp\/v2\/categories?post=119360"},{"taxonomy":"post_tag","embeddable":true,"href":"https:\/\/www.nationalturk.com\/tr\/wp-json\/wp\/v2\/tags?post=119360"}],"curies":[{"name":"wp","href":"https:\/\/api.w.org\/{rel}","templated":true}]}}