{"id":119654,"date":"2012-10-04T16:59:39","date_gmt":"2012-10-04T13:59:39","guid":{"rendered":"http:\/\/www.nationalturk.com\/?p=119654"},"modified":"2012-10-04T16:59:39","modified_gmt":"2012-10-04T13:59:39","slug":"jacob-zuma-kulliye-acti-119654","status":"publish","type":"post","link":"https:\/\/www.nationalturk.com\/tr\/jacob-zuma-kulliye-acti-119654\/","title":{"rendered":"Jacob Zuma K\u00fclliye a\u00e7t\u0131!"},"content":{"rendered":"<h1><img loading=\"lazy\" decoding=\"async\" class=\"alignleft size-medium wp-image-119655\" title=\"Zuma\" src=\"http:\/\/www.nationalturk.com\/tr\/wp-content\/uploads\/2012\/10\/zuma_cami-280x185.jpg\" alt=\"\" width=\"280\" height=\"185\" srcset=\"https:\/\/www.nationalturk.com\/tr\/wp-content\/uploads\/2012\/10\/zuma_cami-280x185.jpg 280w, https:\/\/www.nationalturk.com\/tr\/wp-content\/uploads\/2012\/10\/zuma_cami.jpg 500w\" sizes=\"auto, (max-width: 280px) 100vw, 280px\" \/>G\u00fcney Afrika Devlet Ba\u015fkan\u0131 Jacob Zuma, Johannesburg \u015fehrinde in\u015fa edilen Nizamiye K\u00fclliyesi\u2019nin a\u00e7\u0131l\u0131\u015f\u0131n\u0131 yapt\u0131.<\/h1>\n<p>A\u00e7\u0131l\u0131\u015fa Nizamiye\u2019nin yer ald\u0131\u011f\u0131 Gauteng eyaletinin Ba\u015fbakan\u0131 Nomvula Mokonyane, Turizm Bakan Yard\u0131mc\u0131s\u0131 Tokozile Xasa gibi bir\u00e7ok Afrikal\u0131 siyaset\u00e7i ve b\u00fcrokrat kat\u0131ld\u0131.<\/p>\n<p>Ekonomi Bakan\u0131 Zafer \u00c7a\u011flayan a\u00e7\u0131l\u0131\u015fta yapt\u0131\u011f\u0131 konu\u015fmada, \u201c\u00dc\u00e7 y\u0131l \u00f6nce 1 Ekim 2009\u2019da besmeleler, dualarla temeli at\u0131lan Nizamiye\u2019nin a\u00e7\u0131l\u0131\u015f\u0131n\u0131 ger\u00e7ekle\u015ftirmekten buyuk mutluluk duyuyorum. Buras\u0131 Johannesburg, Afrika&#8217;n\u0131n kalbi, b\u00f6yle ho\u015fg\u00f6r\u00fc ve diyalo\u011fun merkezi olan yerde b\u00f6yle bir sanat eseri g\u00f6rmek \u00e7ok mutluluk verici. \u015eu anda binlerce kilometre \u00f6tede kendi evimizde gibiyiz. G\u00f6zlerimiz adeta, Selimiye Camii\u2019nin huzurundaym\u0131\u015f\u0131z gibi doluyor. Ayn\u0131 heyecan\u0131 ya\u015f\u0131yoruz. Bu g\u00f6rkemli yap\u0131ya bakan herkes benimle ayn\u0131 duygular\u0131 payla\u015f\u0131yor&#8221; dedi.<\/p>\n<p>Nizam\u00fclm\u00fclk&#8217;\u00fcn 1071&#8217;de T\u00fcrklere Anadolu\u2019nun kap\u0131s\u0131n\u0131 a\u00e7an Alparslan\u2019a vezirlik etmi\u015f bir \u015fahsiyet oldu\u011funu hat\u0131rlatan \u00c7a\u011flayan, &#8220;T\u00fcm d\u00fcnyaya \u00d6mer Hayyam, Gazali, \u0130bn R\u00fc\u015fd gibi insanlar\u0131 yeti\u015ftirmi\u015ftir, onun ad\u0131yla an\u0131lan bu medrese de ayn\u0131 g\u00f6revi g\u00f6recektir.&#8221; ifadelerini kulland\u0131. \u00c7a\u011flayan, bu medreseyi yapan ve d\u00fcnyan\u0131n en ucra k\u00f6\u015felerinde T\u00fcrkiye&#8217;nin adeta daimi el\u00e7ili\u011fini yapan g\u00f6n\u00fcll\u00fclere te\u015fekk\u00fcr etti.<\/p>\n<p>G\u00fcney Afrika Devlet Ba\u015fkan\u0131 Jacob Zuma \u201cBu \u00f6nemli eserin a\u00e7\u0131l\u0131\u015f\u0131n\u0131 yapmaktan b\u00fcy\u00fck gurur duyuyorum. T\u00fcrkiye\u2019den bu a\u00e7\u0131l\u0131\u015fa gelen b\u00fct\u00fcn misafirlere ho\u015fgeldiniz diyorum.&#8221; dedi. D\u00fcn T\u00fcrkiye\u2019nin yeni atanan b\u00fcy\u00fckel\u00e7isinin g\u00fcven mektubunu kabul ettiklerini ifade eden Zuma, &#8220;Diplomatik ili\u015fkilerin yan\u0131nda bu eser ekonomik ve k\u00fclt\u00fcrel ili\u015fkilerimizin geli\u015fmesinin sembol\u00fc olacakt\u0131r.&#8221; ifadelerini kulland\u0131.<\/p>\n<!-- Error, Advert is not available at this time due to schedule\/geolocation restrictions! -->\n","protected":false},"excerpt":{"rendered":"<p>G\u00fcney Afrika Devlet Ba\u015fkan\u0131 Jacob Zuma, Johannesburg \u015fehrinde in\u015fa edilen Nizamiye K\u00fclliyesi\u2019nin a\u00e7\u0131l\u0131\u015f\u0131n\u0131 yapt\u0131.<\/p>\n","protected":false},"author":4,"featured_media":182084,"comment_status":"open","ping_status":"open","sticky":false,"template":"","format":"standard","meta":{"_acf_changed":false,"footnotes":""},"categories":[6767,6665,6202],"tags":[601,81363,112653,106180],"class_list":["post-119654","post","type-post","status-publish","format-standard","has-post-thumbnail","hentry","category-afrika","category-dunya","category-politika","tag-guney-afrika","tag-jacob-zuma","tag-kulliye","tag-zuma"],"acf":[],"_links":{"self":[{"href":"https:\/\/www.nationalturk.com\/tr\/wp-json\/wp\/v2\/posts\/119654","targetHints":{"allow":["GET"]}}],"collection":[{"href":"https:\/\/www.nationalturk.com\/tr\/wp-json\/wp\/v2\/posts"}],"about":[{"href":"https:\/\/www.nationalturk.com\/tr\/wp-json\/wp\/v2\/types\/post"}],"author":[{"embeddable":true,"href":"https:\/\/www.nationalturk.com\/tr\/wp-json\/wp\/v2\/users\/4"}],"replies":[{"embeddable":true,"href":"https:\/\/www.nationalturk.com\/tr\/wp-json\/wp\/v2\/comments?post=119654"}],"version-history":[{"count":0,"href":"https:\/\/www.nationalturk.com\/tr\/wp-json\/wp\/v2\/posts\/119654\/revisions"}],"wp:featuredmedia":[{"embeddable":true,"href":"https:\/\/www.nationalturk.com\/tr\/wp-json\/wp\/v2\/media\/182084"}],"wp:attachment":[{"href":"https:\/\/www.nationalturk.com\/tr\/wp-json\/wp\/v2\/media?parent=119654"}],"wp:term":[{"taxonomy":"category","embeddable":true,"href":"https:\/\/www.nationalturk.com\/tr\/wp-json\/wp\/v2\/categories?post=119654"},{"taxonomy":"post_tag","embeddable":true,"href":"https:\/\/www.nationalturk.com\/tr\/wp-json\/wp\/v2\/tags?post=119654"}],"curies":[{"name":"wp","href":"https:\/\/api.w.org\/{rel}","templated":true}]}}