{"id":119800,"date":"2012-10-06T16:36:47","date_gmt":"2012-10-06T13:36:47","guid":{"rendered":"http:\/\/www.nationalturk.com\/?p=119800"},"modified":"2012-10-06T16:36:47","modified_gmt":"2012-10-06T13:36:47","slug":"ahmet-davutoglu-saldiri-nereden-gelirse-gelsin-susturulacak-119800","status":"publish","type":"post","link":"https:\/\/www.nationalturk.com\/tr\/ahmet-davutoglu-saldiri-nereden-gelirse-gelsin-susturulacak-119800\/","title":{"rendered":"Ahmet Davuto\u011flu: Sald\u0131r\u0131 nereden gelirse gelsin susturulacak"},"content":{"rendered":"<h1><img loading=\"lazy\" decoding=\"async\" class=\"alignleft size-medium wp-image-119801\" title=\"Ahmet Davuto\u011flu\" src=\"http:\/\/www.nationalturk.com\/tr\/wp-content\/uploads\/2012\/10\/ahmet_davutoglu-280x217.jpg\" alt=\"\" width=\"280\" height=\"217\" srcset=\"https:\/\/www.nationalturk.com\/tr\/wp-content\/uploads\/2012\/10\/ahmet_davutoglu-280x217.jpg 280w, https:\/\/www.nationalturk.com\/tr\/wp-content\/uploads\/2012\/10\/ahmet_davutoglu.jpg 453w\" sizes=\"auto, (max-width: 280px) 100vw, 280px\" \/>D\u0131\u015fi\u015fleri Bakan\u0131 Ahmet Davuto\u011flu TRT&#8217;de kat\u0131ld\u0131\u011f\u0131 programda g\u00fcndemle ilgili a\u00e7\u0131klamalar yaparken sert ifadeler kulland\u0131. Davuto\u011flu, &#8216;Bundan sonra nereden T\u00fcrkiye&#8217;ye bir sald\u0131r\u0131 gelirse susturulacak&#8217; dedi.<\/h1>\n<p>Ak\u00e7akale sald\u0131r\u0131s\u0131 ile ilgili sorular \u00fczerine Davuto\u011flu, sald\u0131r\u0131 sonras\u0131nda att\u0131klar\u0131 ad\u0131mlar sayesinde art\u0131k Ak\u00e7akale&#8217;ye top mermisinin d\u00fc\u015fmedi\u011fini s\u00f6yledi. T\u00fcrkiye&#8217;nin sald\u0131r\u0131y\u0131 ger\u00e7ekle\u015ftiren top ve tank bataryalar\u0131n\u0131 susturarak cayd\u0131r\u0131c\u0131l\u0131\u011f\u0131n\u0131 g\u00f6sterdi\u011fini belirten Davuto\u011flu, &#8220;Bundan sonra nereden T\u00fcrkiye&#8217;ye bir sald\u0131r\u0131 gelirse susturulacak&#8221; dedi.<\/p>\n<p>Ak\u00e7akale&#8217;ye d\u00fc\u015fen top mermisinin D30 tipi oldu\u011funu ve sadece Suriye ordusunda bulundu\u011funu ifade eden Davuto\u011flu, &#8220;Angajman kurallar\u0131 biliniyordu Suriye taraf\u0131ndan, buna ra\u011fmen meskun mahale bu \u015fekilde bir at\u0131\u015f olmu\u015fsa, e\u011fer bu susturulmazsa cayd\u0131r\u0131c\u0131l\u0131\u011f\u0131n\u0131z kalmaz. E\u011fer bir tezkere \u00e7\u0131kar\u0131l\u0131p, &#8216;Biz gerekti\u011finde buna sadece misliyle de\u011fil, fazlas\u0131yla da mukabelede bulunuruz&#8217; demedi\u011finiz zaman, bu hakk\u0131 elinizde tuttu\u011funuzu, Meclis&#8217;ten bu yetkiyi ald\u0131\u011f\u0131n\u0131z\u0131 g\u00f6stermedi\u011finiz zaman cayd\u0131r\u0131c\u0131l\u0131\u011f\u0131n\u0131z kalmaz. K\u00fc\u00e7\u00fck depremler bazen b\u00fcy\u00fck depremleri engeller.\u00a0Biz tezkereyle asl\u0131nda bir sava\u015f ad\u0131m\u0131 atm\u0131\u015f de\u011filiz, aksine ama\u00e7 bir sava\u015f\u0131 engellemek \u00fczere gerekli uyar\u0131y\u0131 Suriye y\u00f6netimine yapmak, cayd\u0131r\u0131c\u0131l\u0131\u011f\u0131m\u0131z\u0131 g\u00f6stermek&#8221; diye konu\u015ftu.<\/p>\n<!-- Error, Advert is not available at this time due to schedule\/geolocation restrictions! -->\n","protected":false},"excerpt":{"rendered":"<p>D\u0131\u015fi\u015fleri Bakan\u0131 Ahmet Davuto\u011flu TRT&#8217;de kat\u0131ld\u0131\u011f\u0131 programda g\u00fcndemle ilgili a\u00e7\u0131klamalar yaparken sert ifadeler kulland\u0131. Davuto\u011flu, &#8216;Bundan sonra nereden T\u00fcrkiye&#8217;ye bir sald\u0131r\u0131 gelirse susturulacak&#8217; dedi.<\/p>\n","protected":false},"author":4,"featured_media":182056,"comment_status":"open","ping_status":"open","sticky":false,"template":"","format":"standard","meta":{"_acf_changed":false,"footnotes":""},"categories":[6155,5005,6202,6805],"tags":[8773,57375,806,112622,112798],"class_list":["post-119800","post","type-post","status-publish","format-standard","has-post-thumbnail","hentry","category-gundem","category-manset","category-politika","category-turkiye","tag-ahmet-davutoglu","tag-ahmet-davutoglu-suriye","tag-suriye","tag-suriye-top-mermisi","tag-top-mermisi"],"acf":[],"_links":{"self":[{"href":"https:\/\/www.nationalturk.com\/tr\/wp-json\/wp\/v2\/posts\/119800","targetHints":{"allow":["GET"]}}],"collection":[{"href":"https:\/\/www.nationalturk.com\/tr\/wp-json\/wp\/v2\/posts"}],"about":[{"href":"https:\/\/www.nationalturk.com\/tr\/wp-json\/wp\/v2\/types\/post"}],"author":[{"embeddable":true,"href":"https:\/\/www.nationalturk.com\/tr\/wp-json\/wp\/v2\/users\/4"}],"replies":[{"embeddable":true,"href":"https:\/\/www.nationalturk.com\/tr\/wp-json\/wp\/v2\/comments?post=119800"}],"version-history":[{"count":0,"href":"https:\/\/www.nationalturk.com\/tr\/wp-json\/wp\/v2\/posts\/119800\/revisions"}],"wp:featuredmedia":[{"embeddable":true,"href":"https:\/\/www.nationalturk.com\/tr\/wp-json\/wp\/v2\/media\/182056"}],"wp:attachment":[{"href":"https:\/\/www.nationalturk.com\/tr\/wp-json\/wp\/v2\/media?parent=119800"}],"wp:term":[{"taxonomy":"category","embeddable":true,"href":"https:\/\/www.nationalturk.com\/tr\/wp-json\/wp\/v2\/categories?post=119800"},{"taxonomy":"post_tag","embeddable":true,"href":"https:\/\/www.nationalturk.com\/tr\/wp-json\/wp\/v2\/tags?post=119800"}],"curies":[{"name":"wp","href":"https:\/\/api.w.org\/{rel}","templated":true}]}}