{"id":119867,"date":"2012-10-08T16:02:36","date_gmt":"2012-10-08T13:02:36","guid":{"rendered":"http:\/\/www.nationalturk.com\/?p=119867"},"modified":"2012-10-08T16:02:36","modified_gmt":"2012-10-08T13:02:36","slug":"son-dakika-quaresma-takima-donuyor-besiktas-haberleri-119867","status":"publish","type":"post","link":"https:\/\/www.nationalturk.com\/tr\/son-dakika-quaresma-takima-donuyor-besiktas-haberleri-119867\/","title":{"rendered":"Son dakika: Quaresma tak\u0131ma d\u00f6n\u00fcyor \/ Be\u015fikta\u015f Haberleri"},"content":{"rendered":"<h1><img loading=\"lazy\" decoding=\"async\" class=\"alignleft size-medium wp-image-119868\" title=\"Quaresma\" src=\"http:\/\/www.nationalturk.com\/tr\/wp-content\/uploads\/2012\/10\/quaresma_araba-280x186.jpg\" alt=\"\" width=\"280\" height=\"186\" srcset=\"https:\/\/www.nationalturk.com\/tr\/wp-content\/uploads\/2012\/10\/quaresma_araba-280x186.jpg 280w, https:\/\/www.nationalturk.com\/tr\/wp-content\/uploads\/2012\/10\/quaresma_araba-602x400.jpg 602w, https:\/\/www.nationalturk.com\/tr\/wp-content\/uploads\/2012\/10\/quaresma_araba.jpg 712w\" sizes=\"auto, (max-width: 280px) 100vw, 280px\" \/>Samet Aybaba, siyah beyazl\u0131 y\u00f6netimin Ricardo Quaresma ile yapt\u0131\u011f\u0131 g\u00f6r\u00fc\u015fmede anla\u015fma sa\u011flad\u0131\u011f\u0131n\u0131 a\u00e7\u0131klad\u0131. Quaresma Antalya kamp\u0131na kat\u0131lacak.<\/h1>\n<p>Be\u015fikta\u015f&#8217;ta Ba\u015fkan Fikret Orman, Futbol Komitesi \u00dcyesi Tamer K\u0131ran ve Teknik Direkt\u00f6r Samet Aybaba Akaretler&#8217;deki kul\u00fcp binas\u0131nda toplant\u0131 yapt\u0131. Toplant\u0131da y\u00f6netim ve Samet Aybaba&#8217;n\u0131n karar\u0131yla kadro d\u0131\u015f\u0131 b\u0131rak\u0131lan Quaresma konusu yeniden masaya yat\u0131r\u0131ld\u0131.<\/p>\n<p>\u00dc\u00e7l\u00fc toplant\u0131dan Quaresma&#8217;n\u0131n milli ma\u00e7 aras\u0131 nedeniyle Antalya&#8217;da yap\u0131lacak kampa kat\u0131lmas\u0131 karar\u0131 \u00e7\u0131kt\u0131.<\/p>\n<p>Samet Aybaba kul\u00fcp \u00e7\u0131k\u0131\u015f\u0131nda yapt\u0131\u011f\u0131 k\u0131sa a\u00e7\u0131klamada &#8220;Y\u00f6netim Quaresma ile anla\u015ft\u0131. Prensiplerime uyarsa Antalya kamp\u0131na kat\u0131lacak&#8221; dedi.<\/p>\n<p>G\u00f6reve geldi\u011fi g\u00fcnden beri Quaresma&#8217;y\u0131 ele\u015ftiren ve tak\u0131mda istemedi\u011fini s\u00f6yleyen Samet Aybaba&#8217;n\u0131n bundan sonraki tavr\u0131 merak konusu oldu.<\/p>\n<div class=\"a-single a-157\"><!-- nationalturk.com Bali 610x90 -->\r\n<ins data-revive-zoneid=\"412\" data-revive-ct0=\"{clickurl_enc}\" data-revive-id=\"2093837923c3e243d9d78d731533cba1\"><\/ins>\r\n<script async src=\"\/\/www.hot-affiliates.com\/ad\/www\/delivery\/asyncjs.php\"><\/script><\/div>\n","protected":false},"excerpt":{"rendered":"<p>Samet Aybaba, siyah beyazl\u0131 y\u00f6netimin Ricardo Quaresma ile yapt\u0131\u011f\u0131 g\u00f6r\u00fc\u015fmede anla\u015fma sa\u011flad\u0131\u011f\u0131n\u0131 a\u00e7\u0131klad\u0131. Quaresma Antalya kamp\u0131na kat\u0131lacak. <\/p>\n","protected":false},"author":4,"featured_media":182045,"comment_status":"open","ping_status":"open","sticky":false,"template":"","format":"standard","meta":{"_acf_changed":false,"footnotes":""},"categories":[6774,5005,349,6194],"tags":[42062,1748,22706,106444,111625,106446,27382,112854,96187],"class_list":["post-119867","post","type-post","status-publish","format-standard","has-post-thumbnail","hentry","category-futbol","category-manset","category-son-dakika","category-spor","tag-akaretler","tag-besiktas","tag-quaresma","tag-quaresma-samet-aybaba","tag-quaresma-son-dakika","tag-samet-aybaba-quaresma","tag-son-dakika","tag-son-dakika-quaresma","tag-tamer-kiran"],"acf":[],"_links":{"self":[{"href":"https:\/\/www.nationalturk.com\/tr\/wp-json\/wp\/v2\/posts\/119867","targetHints":{"allow":["GET"]}}],"collection":[{"href":"https:\/\/www.nationalturk.com\/tr\/wp-json\/wp\/v2\/posts"}],"about":[{"href":"https:\/\/www.nationalturk.com\/tr\/wp-json\/wp\/v2\/types\/post"}],"author":[{"embeddable":true,"href":"https:\/\/www.nationalturk.com\/tr\/wp-json\/wp\/v2\/users\/4"}],"replies":[{"embeddable":true,"href":"https:\/\/www.nationalturk.com\/tr\/wp-json\/wp\/v2\/comments?post=119867"}],"version-history":[{"count":0,"href":"https:\/\/www.nationalturk.com\/tr\/wp-json\/wp\/v2\/posts\/119867\/revisions"}],"wp:featuredmedia":[{"embeddable":true,"href":"https:\/\/www.nationalturk.com\/tr\/wp-json\/wp\/v2\/media\/182045"}],"wp:attachment":[{"href":"https:\/\/www.nationalturk.com\/tr\/wp-json\/wp\/v2\/media?parent=119867"}],"wp:term":[{"taxonomy":"category","embeddable":true,"href":"https:\/\/www.nationalturk.com\/tr\/wp-json\/wp\/v2\/categories?post=119867"},{"taxonomy":"post_tag","embeddable":true,"href":"https:\/\/www.nationalturk.com\/tr\/wp-json\/wp\/v2\/tags?post=119867"}],"curies":[{"name":"wp","href":"https:\/\/api.w.org\/{rel}","templated":true}]}}