{"id":119903,"date":"2012-10-09T10:23:55","date_gmt":"2012-10-09T07:23:55","guid":{"rendered":"http:\/\/www.nationalturk.com\/?p=119903"},"modified":"2019-03-28T12:41:04","modified_gmt":"2019-03-28T09:41:04","slug":"garplilasmanin-neresindeyiz-119903","status":"publish","type":"post","link":"https:\/\/www.nationalturk.com\/tr\/garplilasmanin-neresindeyiz-119903\/","title":{"rendered":"Garpl\u0131la\u015fman\u0131n Neresindeyiz?"},"content":{"rendered":"<h1><img loading=\"lazy\" decoding=\"async\" class=\"alignleft size-full wp-image-119905\" title=\"Ersin Afacan\" src=\"http:\/\/www.nationalturk.com\/tr\/wp-content\/uploads\/2012\/10\/ersin-afacan1.jpg\" alt=\"\" width=\"88\" height=\"115\">NationalTurk yorumcusu ve sportif alanda zihinsel performans antren\u00f6rl\u00fc\u011f\u00fc yapan bir sosyal bilim uzman\u0131 olan Ersin Afacan&#8217;\u0131n &#8216;Garpl\u0131la\u015fman\u0131n Neresindeyiz?&#8217; ba\u015fl\u0131kl\u0131 yaz\u0131s\u0131;<\/h1>\n<p>\u201cGarpl\u0131la\u015fman\u0131n Neresindeyiz?\u201d ger\u00e7ek bir bilim adam\u0131 olan Rahmetli Prof.Dr.M\u00fcmtaz Turhan\u2019\u0131n yazd\u0131\u011f\u0131 bat\u0131l\u0131la\u015fma ve modernle\u015fme ad\u0131na \u00fclkemizin ya\u015fad\u0131\u011f\u0131 \u00fcz\u00fcc\u00fc maceray\u0131 anlatan bir kaynak kitapt\u0131r. Bu kitapta 200 y\u0131ldan fazla bir zamand\u0131r Bat\u0131\u2019ya y\u00f6nelen T\u00fcrk Milleti\u2019nin durumu anlat\u0131l\u0131yor. Do\u011fru ve yanl\u0131\u015f y\u00f6nelmeler nelerdir? Bat\u0131\u2019dan neler al\u0131nmal\u0131d\u0131r? Bug\u00fcne kadar yap\u0131lan i\u015flerdeki hatalar nelerdir? Kendi b\u00fcnyemizdeki eksikler nas\u0131l giderilebilir? Kendimizden kopmadan \u00e7a\u011fda\u015f medeniyet seviyesindeki yerimizi almam\u0131z nas\u0131l m\u00fcmk\u00fcn olacakt\u0131r? gibi pek \u00e7ok soruya cevap verilmeye \u00e7al\u0131\u015f\u0131lan bu kitab\u0131 okuman\u0131z\u0131 tavsiye ediyorum.<\/p>\n<p>Asl\u0131nda futbol ba\u015fta olmak \u00fczere b\u00fct\u00fcn bran\u015flarda \u201cGarpl\u0131la\u015fman\u0131n Neresindeyiz?\u201d tarz\u0131nda ara\u015ft\u0131rmalar yap\u0131lmal\u0131, kitaplar ve makaleler yaz\u0131lmal\u0131d\u0131r. Bu i\u015fi yapacak olan da Gen\u00e7lik ve Spor \u0130\u015fleri M\u00fcd\u00fcrl\u00fckleri ile BESYO\u2019lar\u0131n psiko-sosyal alanlar\u0131nda \u00e7al\u0131\u015fan akademisyenler olmal\u0131d\u0131r.<\/p>\n<p>\u201cSporda garpl\u0131la\u015fman\u0131n neresindeyiz?\u201d sorusuna cevap vermek gerekirse \u00f6zellikle futbolda bat\u0131l\u0131 \u00fclkelerin seviyesinden \u00e7ok geride oldu\u011fumuz s\u00fcrekli ya\u015fad\u0131\u011f\u0131m\u0131z saha i\u00e7i ve saha d\u0131\u015f\u0131 olaylarla tescilleniyor. Asl\u0131nda yaz\u0131lacak ve tart\u0131\u015f\u0131lacak o kadar \u00e7ok konu var ki ama biz Alex\u2019in Fenerbah\u00e7e\u2019den g\u00f6nderilmesine de\u011finelim. Ba\u015fkan\u0131 oldu\u011fu Fenerbah\u00e7e&#8217;yi d\u00fcnya kul\u00fcb\u00fc yapmay\u0131, tak\u0131mlar\u0131n\u0131 Avrupa ve d\u00fcnya sahnesinde ba\u015far\u0131l\u0131 k\u0131lmay\u0131 hedefleyen Aziz Y\u0131ld\u0131r\u0131m\u2019\u0131n hedefleri ile Alex\u2019e ya\u015fatt\u0131klar\u0131 birbirine tezatt\u0131r.<\/p>\n<p>Futbolda bat\u0131l\u0131la\u015fman\u0131n temel prensiplerinden biri ba\u015fkan, y\u00f6netici ve teknik direkt\u00f6r\u00fcn kriz \u00e7\u0131karan de\u011fil krizi y\u00f6neten ve \u00e7\u00f6zen ki\u015filer olmalar\u0131d\u0131r. \u015e\u00fcphesiz hayat\u0131n di\u011fer ya\u015fam alanlar\u0131nda oldu\u011fu gibi sporda da \u015fekil veya kal\u0131ptan ibaret baz\u0131 tesis ve statlar\u0131n yap\u0131lmas\u0131 bat\u0131n\u0131n sportif bilimine ve k\u00fclt\u00fcr\u00fcne sahip olmak yani modernle\u015fmek demek de\u011fildir. Ayn\u0131 \u015fekilde, ba\u015fka milletlerin yeti\u015ftirmi\u015f oldu\u011fu sporcular\u0131 almakla veya onlar\u0131 dev\u015firip T\u00fcrk yapmakla bat\u0131 standartlar\u0131na eri\u015filmez ve ona sahip olunmu\u015f say\u0131lmay\u0131z. Ayr\u0131ca yabanc\u0131 bir y\u0131ld\u0131z futbolcuyu al\u0131p ondan sportif ba\u015far\u0131 beklemek i\u00e7in kul\u00fcpte ve tak\u0131mda demokratik k\u00fclt\u00fcr olu\u015fturulmal\u0131d\u0131r. Demokratik k\u00fclt\u00fcr olu\u015fturulmazsa tak\u0131m\u0131n y\u0131ld\u0131z oyuncular\u0131 ile sorun ya\u015fanma ihtimali y\u00fcksektir ki Ortega, Emre, Anelka, Alex, Appiah, Van Hooijdonk ilk akl\u0131ma gelen \u00f6rneklerdir.<\/p>\n<p>Bug\u00fcn bir\u00e7oklar\u0131 \u015fekil ve kal\u0131ptan ibaret kalmaya mahkum olan Fenerbah\u00e7e\u2019deki de\u011fi\u015fmeler, kul\u00fcpte bilim ve teknik a\u00e7\u0131dan her t\u00fcrl\u00fc personelin \u00e7al\u0131\u015ft\u0131\u011f\u0131, sporcu merkezli d\u00fc\u015f\u00fcn\u00fcl\u00fcp demokratik bir k\u00fclt\u00fcr\u00fcn olu\u015fturuldu\u011fu g\u00fcn mana kazanacakt\u0131r. Mesela \u00e7alkant\u0131l\u0131 d\u00f6nemde mental sorunlar ya\u015fayan ve Aykut Kocaman\u2019\u0131n \u201ckafas\u0131 kar\u0131\u015f\u0131k\u201d dedi\u011fi Alex gibi oyunculara mental destek verecek bir veya birka\u00e7 uzman\u0131n FB\u2019de olmas\u0131 gerekiyor. Ayr\u0131ca demokratik bir spor k\u00fclt\u00fcr\u00fcn\u00fcn oldu\u011fu kul\u00fcpte seyircilerin d\u00fc\u015f\u00fcncelerine ve hakaret i\u00e7ermeyen davran\u0131\u015flar\u0131na ho\u015fg\u00f6r\u00fc ile bak\u0131l\u0131r ki Aziz Y\u0131ld\u0131r\u0131m\u2019\u0131n bir ma\u00e7ta mikrofonu eline al\u0131p bayan seyircileri azarlamas\u0131 ve Be\u015fikta\u015f ma\u00e7\u0131nda stada Alex maskelerinin sokulmas\u0131na izin verilmemesi pek demokratik de\u011fildi. B\u00fct\u00fcn bunlar\u0131n yan\u0131nda bat\u0131 seviyesindeki bir kul\u00fcb\u00fcn ba\u015fkan\u0131 \u201cGerekti\u011finde soyunma odas\u0131na girerim\u201d demez.<\/p>\n<p>Bu \u00f6rnekleri sadece Fenerbah\u00e7e\u2019de de\u011fil \u00e7o\u011fu kul\u00fcb\u00fcm\u00fczde g\u00f6r\u00fcyoruz. B\u00fct\u00fcn bu yazd\u0131klar\u0131m\u0131n yan\u0131nda Alex\u2019in bas\u0131n toplant\u0131s\u0131ndaki s\u00f6zleri asl\u0131nda T\u00fcrk futbolunun bir \u00f6zele\u015ftirisi ve Edirne\u2019nin \u00f6tesinde neden ciddiye al\u0131nmad\u0131\u011f\u0131m\u0131z\u0131n g\u00f6stergesidir. Dolay\u0131s\u0131yla bir kul\u00fcb\u00fcn \u015fekil ve kal\u0131plar\u0131ndaki de\u011fi\u015fmeler ancak sporda psiko-sosyal alanlar\u0131n temel prensiplerinin uyguland\u0131\u011f\u0131, modern zihniyette ba\u015fkan-y\u00f6netici ve teknik kadronun \u00e7al\u0131\u015ft\u0131\u011f\u0131 bir ortamda mana kazan\u0131r ve o kul\u00fcp hem bat\u0131 seviyesine \u00e7\u0131kar hem de \u00f6rnek kul\u00fcp olur.<\/p>\n<p><strong>Ersin Afacan \/ NationalTurk<\/strong><\/p>\n<!-- Error, Advert is not available at this time due to schedule\/geolocation restrictions! -->\n","protected":false},"excerpt":{"rendered":"<p>NationalTurk yorumcusu ve sportif alanda zihinsel performans antren\u00f6rl\u00fc\u011f\u00fc yapan bir sosyal bilim uzman\u0131 olan Ersin Afacan&#8217;\u0131n &#8216;Garpl\u0131la\u015fman\u0131n Neresindeyiz?&#8217; ba\u015fl\u0131kl\u0131 yaz\u0131s\u0131;<\/p>\n","protected":false},"author":9192205,"featured_media":119905,"comment_status":"open","ping_status":"open","sticky":false,"template":"","format":"standard","meta":{"_acf_changed":false,"footnotes":""},"categories":[6774,5005,6194],"tags":[9704,63720,25089,10555,196010,112897,32738,53029,5508,10061,19135,110077],"class_list":["post-119903","post","type-post","status-publish","format-standard","has-post-thumbnail","hentry","category-futbol","category-manset","category-spor","tag-alex","tag-alex-fenerbahce","tag-anelka","tag-emre","tag-ersin-afacan","tag-ersin-afacan-alex","tag-ersin-afacan-yazilari","tag-fenerbahce-alex","tag-national-turk","tag-nationalturk","tag-ortega","tag-van-hooijdonk"],"acf":[],"_links":{"self":[{"href":"https:\/\/www.nationalturk.com\/tr\/wp-json\/wp\/v2\/posts\/119903","targetHints":{"allow":["GET"]}}],"collection":[{"href":"https:\/\/www.nationalturk.com\/tr\/wp-json\/wp\/v2\/posts"}],"about":[{"href":"https:\/\/www.nationalturk.com\/tr\/wp-json\/wp\/v2\/types\/post"}],"author":[{"embeddable":true,"href":"https:\/\/www.nationalturk.com\/tr\/wp-json\/wp\/v2\/users\/9192205"}],"replies":[{"embeddable":true,"href":"https:\/\/www.nationalturk.com\/tr\/wp-json\/wp\/v2\/comments?post=119903"}],"version-history":[{"count":0,"href":"https:\/\/www.nationalturk.com\/tr\/wp-json\/wp\/v2\/posts\/119903\/revisions"}],"wp:featuredmedia":[{"embeddable":true,"href":"https:\/\/www.nationalturk.com\/tr\/wp-json\/wp\/v2\/media\/119905"}],"wp:attachment":[{"href":"https:\/\/www.nationalturk.com\/tr\/wp-json\/wp\/v2\/media?parent=119903"}],"wp:term":[{"taxonomy":"category","embeddable":true,"href":"https:\/\/www.nationalturk.com\/tr\/wp-json\/wp\/v2\/categories?post=119903"},{"taxonomy":"post_tag","embeddable":true,"href":"https:\/\/www.nationalturk.com\/tr\/wp-json\/wp\/v2\/tags?post=119903"}],"curies":[{"name":"wp","href":"https:\/\/api.w.org\/{rel}","templated":true}]}}