{"id":120129,"date":"2012-10-11T13:29:43","date_gmt":"2012-10-11T10:29:43","guid":{"rendered":"http:\/\/www.nationalturk.com\/?p=120129"},"modified":"2024-09-08T18:19:40","modified_gmt":"2024-09-08T15:19:40","slug":"diyarbakirda-helikopter-kazasi-1-sehit-120129","status":"publish","type":"post","link":"https:\/\/www.nationalturk.com\/tr\/diyarbakirda-helikopter-kazasi-1-sehit-120129\/","title":{"rendered":"Diyarbak\u0131r&#8217;da helikopter kazas\u0131: 1 \u015fehit"},"content":{"rendered":"<h1><img loading=\"lazy\" decoding=\"async\" class=\"alignleft size-medium wp-image-120135\" title=\"DIYARBAKIR&#039;DA HELIKOPTER KAZASI\" src=\"http:\/\/www.nationalturk.com\/tr\/wp-content\/uploads\/2012\/10\/diyarbakir_helikopter_kazasi-280x186.jpg\" alt=\"\" width=\"280\" height=\"186\" srcset=\"https:\/\/www.nationalturk.com\/tr\/wp-content\/uploads\/2012\/10\/diyarbakir_helikopter_kazasi-280x186.jpg 280w, https:\/\/www.nationalturk.com\/tr\/wp-content\/uploads\/2012\/10\/diyarbakir_helikopter_kazasi-600x400.jpg 600w, https:\/\/www.nationalturk.com\/tr\/wp-content\/uploads\/2012\/10\/diyarbakir_helikopter_kazasi.jpg 712w\" sizes=\"auto, (max-width: 280px) 100vw, 280px\" \/>Diyarbak\u0131r&#8217;\u0131n Lice il\u00e7esinde zorunlu ini\u015f yapan helikopterin g\u00f6vdesi yere \u00e7arpt\u0131. Kazada bir jandarma \u00f6zel harekat personeli \u015fehit olurken 3 ki\u015fi de yaraland\u0131.<\/h1>\n<p>Al\u0131nan bilgilere g\u00f6re Diyarbak\u0131r&#8217;\u0131n Lice il\u00e7esinde, Abal\u0131 K\u00f6y\u00fc&#8217;ndeki \u00fcs b\u00f6lgesine giden askeri helikopter d\u00fc\u015ft\u00fc. Lice&#8217;de Abal\u0131 K\u00f6y\u00fc \u00dcs B\u00f6lgesi&#8217;ne giden Sikorsky helikopter, \u00fcs b\u00f6lgesindeki g\u00f6revli askerlere yemek g\u00f6nderilmesi i\u00e7in kullan\u0131lan seyyar teleferik teline \u00e7apt\u0131. Kaza sonucu ilk belirlemelere g\u00f6re 1 asker \u015fehit olurken 6 asker de yaraland\u0131.<\/p>\n<p>Konuyla ilgili a\u00e7\u0131klama yapan G\u0131da Tar\u0131m ve Hayvanc\u0131l\u0131k Bakan\u0131 Mehdi Eker, Lice il\u00e7esinde zorunlu ini\u015f yapan helikopterin g\u00f6vdesinin yere \u00e7arpt\u0131\u011f\u0131n\u0131, kazada 1 jandarma \u00f6zel harekat personelinin \u015fehit oldu\u011funu bildirdi.<\/p>\n<p>Silvan il\u00e7esinde bulunan Bakan Eker, gazetecilere yapt\u0131\u011f\u0131 a\u00e7\u0131klamada, Lice il\u00e7esi Abal\u0131 Karakolu&#8217;na personel de\u011fi\u015fimi i\u00e7in giden helikopterin, de\u011fi\u015fimden sonra kalkarken kuyru\u011funun elektrik tellerine tak\u0131ld\u0131\u011f\u0131n\u0131 belirterek, &#8221;Zorunlu ini\u015f yapan helikopterin g\u00f6vdesi yere \u00e7arp\u0131yor. Meydana gelen kazada 1 jandarma \u00f6zel hareket personeli maalesef \u015fehit oldu, 3 ki\u015fi de yaraland\u0131&#8221; diye konu\u015ftu.<\/p>\n<h2>Diyarbak\u0131r Valisi: 1 \u015fehit 8 yaral\u0131 var<\/h2>\n<p>Diyarbak\u0131r Valisi Mustafa Toprak, Lice il\u00e7esi Abal\u0131 Karakolu&#8217;nda acil ini\u015f yaparken kaza ge\u00e7iren helikopterde, 1 askerin \u015fehit oldu\u011funu 8 yaral\u0131 bulundu\u011funu bildirdi.<\/p>\n<p>Toprak, AA muhabirine yapt\u0131\u011f\u0131 a\u00e7\u0131klamada, Abal\u0131 Karakolu&#8217;nda kalk\u0131\u015f s\u0131ras\u0131nda kuyru\u011fu elektrik tellerine tak\u0131lan ve acil ini\u015f yaparken g\u00f6vdesi yere \u00e7arpan helikopterde, 3&#8217;\u00fc m\u00fcrettebat olan 14 ki\u015fi bulundu\u011funu belirtti.<\/p>\n<p>Kazada 1 askerin \u015fehit oldu\u011funu, 1&#8217;i a\u011f\u0131r olmak \u00fczere 8 de yaral\u0131 bulundu\u011funu a\u00e7\u0131klayan Vali Mustafa Toprak, yaral\u0131lar\u0131n helikopterle Diyarbak\u0131r&#8217;daki hastanelere ta\u015f\u0131nd\u0131\u011f\u0131n\u0131 bildirdi.<\/p>\n<p>\u00d6te yandan helikopterle Diyarbak\u0131r&#8217;a ta\u015f\u0131nan yaral\u0131lardan 3&#8217;\u00fc Dicle \u00dcniversitesi T\u0131p Fak\u00fcltesi Hastanesi&#8217;ne, 5 yaral\u0131 da Diyarbak\u0131r Asker Hastanesi&#8217;ne kald\u0131r\u0131ld\u0131.<\/p>\n<!-- Error, Advert is not available at this time due to schedule\/geolocation restrictions! -->\n","protected":false},"excerpt":{"rendered":"<p>Diyarbak\u0131r&#8217;\u0131n Lice il\u00e7esinde zorunlu ini\u015f yapan helikopterin g\u00f6vdesi yere \u00e7arpt\u0131. Kazada bir jandarma \u00f6zel harekat personeli \u015fehit olurken 3 ki\u015fi de yaraland\u0131. <\/p>\n","protected":false},"author":4,"featured_media":182002,"comment_status":"open","ping_status":"open","sticky":false,"template":"","format":"standard","meta":{"_acf_changed":false,"footnotes":""},"categories":[6155,5005,349,6805],"tags":[1470,113132,17970,59123,33842,23047],"class_list":["post-120129","post","type-post","status-publish","format-standard","has-post-thumbnail","hentry","category-gundem","category-manset","category-son-dakika","category-turkiye","tag-diyarbakir","tag-diyarbakir-kaza","tag-diyarbakir-lice","tag-helikopter-dustu","tag-lice","tag-mehdi-eker"],"acf":[],"_links":{"self":[{"href":"https:\/\/www.nationalturk.com\/tr\/wp-json\/wp\/v2\/posts\/120129","targetHints":{"allow":["GET"]}}],"collection":[{"href":"https:\/\/www.nationalturk.com\/tr\/wp-json\/wp\/v2\/posts"}],"about":[{"href":"https:\/\/www.nationalturk.com\/tr\/wp-json\/wp\/v2\/types\/post"}],"author":[{"embeddable":true,"href":"https:\/\/www.nationalturk.com\/tr\/wp-json\/wp\/v2\/users\/4"}],"replies":[{"embeddable":true,"href":"https:\/\/www.nationalturk.com\/tr\/wp-json\/wp\/v2\/comments?post=120129"}],"version-history":[{"count":0,"href":"https:\/\/www.nationalturk.com\/tr\/wp-json\/wp\/v2\/posts\/120129\/revisions"}],"wp:featuredmedia":[{"embeddable":true,"href":"https:\/\/www.nationalturk.com\/tr\/wp-json\/wp\/v2\/media\/182002"}],"wp:attachment":[{"href":"https:\/\/www.nationalturk.com\/tr\/wp-json\/wp\/v2\/media?parent=120129"}],"wp:term":[{"taxonomy":"category","embeddable":true,"href":"https:\/\/www.nationalturk.com\/tr\/wp-json\/wp\/v2\/categories?post=120129"},{"taxonomy":"post_tag","embeddable":true,"href":"https:\/\/www.nationalturk.com\/tr\/wp-json\/wp\/v2\/tags?post=120129"}],"curies":[{"name":"wp","href":"https:\/\/api.w.org\/{rel}","templated":true}]}}