{"id":120172,"date":"2012-10-11T17:32:39","date_gmt":"2012-10-11T14:32:39","guid":{"rendered":"http:\/\/www.nationalturk.com\/?p=120172"},"modified":"2012-10-11T17:32:39","modified_gmt":"2012-10-11T14:32:39","slug":"tunceliye-alevi-polis-gonderin-diyen-mudure-bakandan-tepki-120172","status":"publish","type":"post","link":"https:\/\/www.nationalturk.com\/tr\/tunceliye-alevi-polis-gonderin-diyen-mudure-bakandan-tepki-120172\/","title":{"rendered":"&#8220;Tunceli&#8217;ye Alevi polis g\u00f6nderin&#8221; diyen m\u00fcd\u00fcre Bakandan tepki"},"content":{"rendered":"<h1><img loading=\"lazy\" decoding=\"async\" class=\"alignleft size-medium wp-image-120173\" title=\"Bekir Bozda\u011f\" src=\"http:\/\/www.nationalturk.com\/tr\/wp-content\/uploads\/2012\/10\/bekir__bozdagg-280x210.jpg\" alt=\"\" width=\"280\" height=\"210\" srcset=\"https:\/\/www.nationalturk.com\/tr\/wp-content\/uploads\/2012\/10\/bekir__bozdagg-280x210.jpg 280w, https:\/\/www.nationalturk.com\/tr\/wp-content\/uploads\/2012\/10\/bekir__bozdagg.jpg 400w\" sizes=\"auto, (max-width: 280px) 100vw, 280px\" \/>Tunceli Emniyet M\u00fcd\u00fcr\u00fc Hayati Y\u0131lmaz&#8217;\u0131n\u00a0Tunceli\u2019ye Alevi polis g\u00f6nderilmesi gerekti\u011fi y\u00f6n\u00fcndeki a\u00e7\u0131klamalar\u0131na Ba\u015fbakan Yard\u0131mc\u0131s\u0131 Bekir Bozda\u011f tepki g\u00f6sterdi.<\/h1>\n<p>Bozda\u011f, Tunceli Emniyet M\u00fcd\u00fcr\u00fcn\u00fcn a\u00e7\u0131klamas\u0131n ayr\u0131mc\u0131l\u0131k koktu\u011funu, emniyet m\u00fcd\u00fcrlerinin g\u00f6revlerinin bu t\u00fcr a\u00e7\u0131klamalar yapmak de\u011fil, verilen g\u00f6revleri yere getirmek oldu\u011funu belirterek &#8220;Hi\u00e7bir emniyet m\u00fcd\u00fcr\u00fcn\u00fcn siyaset yapmas\u0131, asli i\u015fini kenara koymas\u0131 do\u011fru de\u011fil. Memuriyette liyakat esast\u0131r. Kimse inan\u00e7lar\u0131na g\u00f6re ayr\u0131lamaz. Kamu g\u00f6revlileri i\u00e7inde b\u00f6yle bir ayr\u0131m yap\u0131l\u0131rsa bu milletin birli\u011fine dirli\u011fine zarar vermi\u015f oluruz. Bir soru\u015fturma ba\u015flat\u0131lmad\u0131 ancak bir uyar\u0131 yap\u0131ld\u0131\u011f\u0131n\u0131 san\u0131yorum&#8221; diye konu\u015ftu.<\/p>\n<p>Tunceli Emniyet M\u00fcd\u00fcr\u00fc Hayati Y\u0131lmaz, &#8220;Personel g\u00f6rev de\u011fi\u015fimi olunca Personel Daire Ba\u015fkan\u0131&#8217;n\u0131 arad\u0131m, &#8216;M\u00fcmk\u00fcn oldu\u011fu kadar Alevi personel g\u00f6nderin, ihtiyac\u0131m\u0131z var&#8217; dedim. Halk\u0131n ihtiya\u00e7lar\u0131na onlar\u0131n daha \u00e7ok kar\u015f\u0131l\u0131k verece\u011fini biliyorum. Tuncelili vatanda\u015f, b\u0131y\u0131k \u015fekli bilmem ne gibi olanlar\u0131, kafas\u0131ndaki y\u0131kamad\u0131\u011f\u0131 duvarlarla h\u00fck\u00fcm s\u00fcrmeye \u00e7al\u0131\u015fan tipleri istemiyor. &#8216;Personelin kimli\u011finde Alevi-S\u00fcnni gibi ifade olmaz ama en az\u0131ndan do\u011fdu\u011fu kent itibar\u0131yla b\u00f6yle bir g\u00f6revlendirmede bulunabilecekleri&#8217; kar\u015f\u0131l\u0131\u011f\u0131n\u0131 ald\u0131m&#8221; demi\u015fti.<\/p>\n<!-- Error, Advert is not available at this time due to schedule\/geolocation restrictions! -->\n","protected":false},"excerpt":{"rendered":"<p>Tunceli Emniyet M\u00fcd\u00fcr\u00fc Hayati Y\u0131lmaz&#8217;\u0131n Tunceli\u2019ye Alevi polis g\u00f6nderilmesi gerekti\u011fi y\u00f6n\u00fcndeki a\u00e7\u0131klamalar\u0131na Ba\u015fbakan Yard\u0131mc\u0131s\u0131 Bekir Bozda\u011f tepki g\u00f6sterdi.<\/p>\n","protected":false},"author":4,"featured_media":181995,"comment_status":"open","ping_status":"open","sticky":false,"template":"","format":"standard","meta":{"_acf_changed":false,"footnotes":""},"categories":[6155,5005,6202,6805],"tags":[53346,12343,4134],"class_list":["post-120172","post","type-post","status-publish","format-standard","has-post-thumbnail","hentry","category-gundem","category-manset","category-politika","category-turkiye","tag-alevi","tag-bekir-bozdag","tag-tunceli"],"acf":[],"_links":{"self":[{"href":"https:\/\/www.nationalturk.com\/tr\/wp-json\/wp\/v2\/posts\/120172","targetHints":{"allow":["GET"]}}],"collection":[{"href":"https:\/\/www.nationalturk.com\/tr\/wp-json\/wp\/v2\/posts"}],"about":[{"href":"https:\/\/www.nationalturk.com\/tr\/wp-json\/wp\/v2\/types\/post"}],"author":[{"embeddable":true,"href":"https:\/\/www.nationalturk.com\/tr\/wp-json\/wp\/v2\/users\/4"}],"replies":[{"embeddable":true,"href":"https:\/\/www.nationalturk.com\/tr\/wp-json\/wp\/v2\/comments?post=120172"}],"version-history":[{"count":0,"href":"https:\/\/www.nationalturk.com\/tr\/wp-json\/wp\/v2\/posts\/120172\/revisions"}],"wp:featuredmedia":[{"embeddable":true,"href":"https:\/\/www.nationalturk.com\/tr\/wp-json\/wp\/v2\/media\/181995"}],"wp:attachment":[{"href":"https:\/\/www.nationalturk.com\/tr\/wp-json\/wp\/v2\/media?parent=120172"}],"wp:term":[{"taxonomy":"category","embeddable":true,"href":"https:\/\/www.nationalturk.com\/tr\/wp-json\/wp\/v2\/categories?post=120172"},{"taxonomy":"post_tag","embeddable":true,"href":"https:\/\/www.nationalturk.com\/tr\/wp-json\/wp\/v2\/tags?post=120172"}],"curies":[{"name":"wp","href":"https:\/\/api.w.org\/{rel}","templated":true}]}}