{"id":120522,"date":"2012-10-17T10:28:55","date_gmt":"2012-10-17T07:28:55","guid":{"rendered":"http:\/\/www.nationalturk.com\/?p=120522"},"modified":"2019-03-28T12:41:04","modified_gmt":"2019-03-28T09:41:04","slug":"baskan-her-yerde-120522","status":"publish","type":"post","link":"https:\/\/www.nationalturk.com\/tr\/baskan-her-yerde-120522\/","title":{"rendered":"Ba\u015fkan Her Yerde"},"content":{"rendered":"<h1><img loading=\"lazy\" decoding=\"async\" class=\"alignleft size-full wp-image-120523\" title=\"Ersin Afacan\" src=\"http:\/\/www.nationalturk.com\/tr\/wp-content\/uploads\/2012\/10\/ersin-afacan2.jpg\" alt=\"\" width=\"88\" height=\"115\">NationalTurk yorumcusu ve sportif alanda zihinsel performans antren\u00f6rl\u00fc\u011f\u00fc yapan bir sosyal bilim uzman\u0131 olan Ersin Afacan&#8217;\u0131n &#8216;Ba\u015fkan Her Yerde&#8217; ba\u015fl\u0131kl\u0131 yaz\u0131s\u0131;<\/h1>\n<p>Pazartesi g\u00fcn\u00fc bir gazetede, ligde tak\u0131m\u0131n hi\u00e7bir ma\u00e7\u0131n\u0131 izlemeyen G\u00f6ztepe Ba\u015fkan\u0131 \u0130mam Alt\u0131nba\u015f\u2019\u0131n k\u00f6t\u00fc gidi\u015fat \u00fczerine Kayseri&#8217;de tak\u0131m\u0131n\u0131 yaln\u0131z b\u0131rakmad\u0131\u011f\u0131 haberini okudum. Habere g\u00f6re Ba\u015fkan Alt\u0131nba\u015f, tak\u0131mla birlikte yemek yiyerek moral verirken ma\u00e7 toplant\u0131s\u0131na da kat\u0131larak Erciyes ma\u00e7\u0131n\u0131n \u00f6nemini vurgulam\u0131\u015f. Demek ki o ma\u00e7a kadar 1 galibiyet ve 1 beraberlik alan tak\u0131m\u0131n ihtiyac\u0131 olan ba\u015fkan\u0131n onlarla yemek yemesi ve ma\u00e7 toplant\u0131s\u0131na kat\u0131lmas\u0131ym\u0131\u015f. Peki skor? Erciyes:2-G\u00f6ztepe:0 Ma\u00e7\u0131 yorumlayan yazarlar &#8220;G\u00f6ztepe saman alevi gibiydi&#8221; diye yazm\u0131\u015f. Yani ba\u015fkan\u0131n yapt\u0131klar\u0131yla tak\u0131m 20 dk top oynam\u0131\u015f!!!<\/p>\n<p>G\u00f6ztepe Teknik Direkt\u00f6r\u00fc H\u00fcseyin Kalpar, ma\u00e7\u0131n ard\u0131ndan d\u00fczenledi\u011fi bas\u0131n toplant\u0131s\u0131nda &#8221;de\u011fi\u015fik bir hava ve de\u011fi\u015fik bir heyecan gerekli&#8221; diyerek acaba ba\u015fkana g\u00f6ndermede mi bulundu? Yani ba\u015fkan yemek ve toplant\u0131ya kat\u0131lman\u0131n yan\u0131nda tak\u0131mla ba\u015fka planlar yaps\u0131n m\u0131 istiyor? Mesela soyunma odas\u0131na gelsin veya antrenmanlara kat\u0131ls\u0131n. Daha \u00f6nce de FB Ba\u015fkan\u0131 Aziz Y\u0131ld\u0131r\u0131m, \u201cGerekirse soyunma odas\u0131na girerim\u201d demi\u015fti. \u015eaka bir yana k\u00f6t\u00fc giden tak\u0131m\u0131n ihtiyac\u0131 sanki ba\u015fkan\u0131n onlarla yemek yememesi ve toplant\u0131ya kat\u0131lmamas\u0131 gibi d\u00fc\u015f\u00fcn\u00fclen \u00fclkede ya\u015f\u0131yoruz. Olay\u0131n dikkat \u00e7ekici yan\u0131 b\u00fct\u00fcn bunlar\u0131n \u00fclkenin bat\u0131s\u0131nda ve en medeni \u015fehirlerinden biri diye g\u00f6sterilen \u0130zmir tak\u0131m\u0131nda ya\u015fan\u0131l\u0131yor olmas\u0131d\u0131r. Futbolumuzda hangi tak\u0131m ve \u015fehir medeni ki izmir olsun? Avrupa\u2019da ciddi bir futbol \u00fclkesinde yukar\u0131da ya\u015fan\u0131lan duruma ne \u015fahit olursunuz ne de duyars\u0131n\u0131z. B\u00f6yle i\u015fler sadece bizim gibi geli\u015fmekte olan geri kalm\u0131\u015f \u00fclkelerde olur.<br \/>\nHedef yolunda engellenen G\u00f6ztepe gibi bir tak\u0131m\u0131n en acil ihtiyac\u0131 mental antrenmand\u0131r. \u00c7\u00fcnk\u00fc mental antrenman, futbolun e\u011flencesini artt\u0131rarak performans\u0131 d\u00fczeltmek amac\u0131yla mental yetenekler \u00fczerine sistemli bir \u015fekilde yap\u0131lan antrenmand\u0131r. Dolay\u0131s\u0131yla futbolcular\u0131 zihinsel olarak ne ba\u015fkan haz\u0131rlayabilir ne de teknik direkt\u00f6r.<\/p>\n<p>Benim bir tavsiyem var. Arjantin\u2019i 1978 D\u00fcnya Kupas\u0131\u2019nda \u015fampiyon yapan teknik direkt\u00f6r Menotti&#8217;nin &#8220;Sadece futboldan anlayanlar futboldan da anlamaz&#8221; s\u00f6z\u00fc b\u00fct\u00fcn statlara hatta antrenman sahalar\u0131na as\u0131lmal\u0131! \u00c7\u00fcnk\u00fc spor gibi bilimsel bir disiplinin ontolojisinden (varlik bilimi) habersiz olanlar o disiplinin epistemolojisini (bilgi felsefesi)de yapamaz. Dolay\u0131s\u0131yla futbolun ontolojisinden habersiz olanlar futbolun epistemolojisini de yapamaz ki bu y\u00fczden bizim futbolun bir ekol\u00fc yok. Ekol\u00fcn olmamas\u0131n\u0131n yan\u0131nda yap\u0131lan uygulamalar\u0131n \u00e7o\u011fu dededen kalma ve babadan g\u00f6rme uygulamalar.<br \/>\nDolay\u0131s\u0131yla T\u00fcrk futbolcusunun, di\u011fer b\u00fct\u00fcn fakt\u00f6rler bir yana, s\u0131rf ba\u015flar\u0131ndaki ba\u015fkan, y\u00f6netici, teknik adam ve menajerlerden dolay\u0131 mental antrenmana ihtiyac\u0131 var. Aksi taktirde modern futbol d\u00fcnyas\u0131n\u0131n \u015fu an sahip oldu\u011fu paradigmalar\u0131 kendi k\u00fclt\u00fcrel \u00f6zelliklerimize monte edemezsek, sosyal psikolojiyi futbolda daha \u00e7ok kullanmazsak, adama i\u015f de\u011fil de i\u015fe adam bulma \u00e7abas\u0131nda olmazsak, kahraman futbolcu ve teknik direkt\u00f6r yaratma sevdas\u0131ndan vazge\u00e7mezsek, yabanc\u0131 futbolcu ve gurtbet\u00e7i hayranl\u0131\u011f\u0131n\u0131 dizginlemezsek sadece G\u00f6ztepe de\u011fil \u00fclke futbolu iyice dibe vuracak ki A Milli Tak\u0131m\u0131n son hali ibret olmal\u0131\u2026<\/p>\n<p><strong>Ersin Afacan \/ NationalTurk<\/strong><\/p>\n<!-- Error, Advert is not available at this time due to schedule\/geolocation restrictions! -->\n","protected":false},"excerpt":{"rendered":"<p>NationalTurk yorumcusu ve sportif alanda zihinsel performans antren\u00f6rl\u00fc\u011f\u00fc yapan bir sosyal bilim uzman\u0131 olan Ersin Afacan&#8217;\u0131n &#8216;Ba\u015fkan Her Yerde&#8217; ba\u015fl\u0131kl\u0131 yaz\u0131s\u0131;<\/p>\n","protected":false},"author":9192205,"featured_media":120523,"comment_status":"open","ping_status":"open","sticky":false,"template":"","format":"standard","meta":{"_acf_changed":false,"footnotes":""},"categories":[6774,6194],"tags":[196010,112897,32738,9516,8441],"class_list":["post-120522","post","type-post","status-publish","format-standard","has-post-thumbnail","hentry","category-futbol","category-spor","tag-ersin-afacan","tag-ersin-afacan-alex","tag-ersin-afacan-yazilari","tag-goztepe","tag-huseyin-kalpar"],"acf":[],"_links":{"self":[{"href":"https:\/\/www.nationalturk.com\/tr\/wp-json\/wp\/v2\/posts\/120522","targetHints":{"allow":["GET"]}}],"collection":[{"href":"https:\/\/www.nationalturk.com\/tr\/wp-json\/wp\/v2\/posts"}],"about":[{"href":"https:\/\/www.nationalturk.com\/tr\/wp-json\/wp\/v2\/types\/post"}],"author":[{"embeddable":true,"href":"https:\/\/www.nationalturk.com\/tr\/wp-json\/wp\/v2\/users\/9192205"}],"replies":[{"embeddable":true,"href":"https:\/\/www.nationalturk.com\/tr\/wp-json\/wp\/v2\/comments?post=120522"}],"version-history":[{"count":0,"href":"https:\/\/www.nationalturk.com\/tr\/wp-json\/wp\/v2\/posts\/120522\/revisions"}],"wp:featuredmedia":[{"embeddable":true,"href":"https:\/\/www.nationalturk.com\/tr\/wp-json\/wp\/v2\/media\/120523"}],"wp:attachment":[{"href":"https:\/\/www.nationalturk.com\/tr\/wp-json\/wp\/v2\/media?parent=120522"}],"wp:term":[{"taxonomy":"category","embeddable":true,"href":"https:\/\/www.nationalturk.com\/tr\/wp-json\/wp\/v2\/categories?post=120522"},{"taxonomy":"post_tag","embeddable":true,"href":"https:\/\/www.nationalturk.com\/tr\/wp-json\/wp\/v2\/tags?post=120522"}],"curies":[{"name":"wp","href":"https:\/\/api.w.org\/{rel}","templated":true}]}}