{"id":120527,"date":"2012-10-17T11:01:51","date_gmt":"2012-10-17T08:01:51","guid":{"rendered":"http:\/\/www.nationalturk.com\/?p=120527"},"modified":"2014-06-11T16:17:15","modified_gmt":"2014-06-11T13:17:15","slug":"almanya-isvec-maci-ozeti-8-gollu-inanilmaz-mac-video-120527","status":"publish","type":"post","link":"https:\/\/www.nationalturk.com\/tr\/almanya-isvec-maci-ozeti-8-gollu-inanilmaz-mac-video-120527\/","title":{"rendered":"Almanya \u0130sve\u00e7 ma\u00e7\u0131 \u00f6zeti \/ 8 goll\u00fc inan\u0131lmaz ma\u00e7! (Video)"},"content":{"rendered":"<h1><img loading=\"lazy\" decoding=\"async\" class=\"alignnone size-full wp-image-120530\" title=\"Almanya \u0130sve\u00e7 ma\u00e7\u0131\" src=\"http:\/\/www.nationalturk.com\/tr\/wp-content\/uploads\/2012\/10\/almanya_isvec_maci_4_4-e1350460467746.jpg\" alt=\"\" width=\"580\" height=\"382\" srcset=\"https:\/\/www.nationalturk.com\/tr\/wp-content\/uploads\/2012\/10\/almanya_isvec_maci_4_4-e1350460467746.jpg 580w, https:\/\/www.nationalturk.com\/tr\/wp-content\/uploads\/2012\/10\/almanya_isvec_maci_4_4-e1350460467746-280x184.jpg 280w\" sizes=\"auto, (max-width: 580px) 100vw, 580px\" \/><\/h1>\n<h1>Almanya \u0130sve\u00e7 ma\u00e7\u0131 m\u00fcthi\u015f bir geri d\u00f6n\u00fc\u015fe sahne oldu. Almanya \u0130sve\u00e7 kar\u015f\u0131s\u0131nda 4-0&#8217;l\u0131k skoru koruyamad\u0131 ve m\u00fccadele 4-4 berabere sona erdi. \/ Almanya \u0130sve\u00e7 ma\u00e7\u0131 \u00f6zeti (Video)<\/h1>\n<p>2014 D\u00fcnya Kupas\u0131 Elemeleri&#8217;nde Almanya kendi sahas\u0131nda a\u011f\u0131rlad\u0131\u011f\u0131 \u0130sve\u00e7 ile 4-0 \u00f6ne ge\u00e7mesine ra\u011fmen 4-4 berabere kald\u0131. Almanya, 8 ve 15. dakikalarda Miroslav Klose&#8217;nin att\u0131\u011f\u0131 gollerle 2-0&#8217;l\u0131k \u00fcst\u00fcnl\u00fc\u011f\u00fc yakalad\u0131. 39. dakikada Mertesacaker&#8217;in att\u0131\u011f\u0131 golle Almanya \u0130sve\u00e7 ma\u00e7\u0131 ilk yar\u0131s\u0131 Almanlar\u0131n 3-0 \u00fcst\u00fcnl\u00fc\u011f\u00fcyle sona erdi.\u00a0\u0130kinci yar\u0131ya da iyi ba\u015flayan Almanya \u0130sve\u00e7 kar\u015f\u0131s\u0131nda Mesut \u00d6zil&#8217;in harika gol\u00fcyle fark\u0131 4&#8217;e \u00e7\u0131karmay\u0131 ba\u015fard\u0131.<\/p>\n<p>62. dakikada ise \u0130sve\u00e7&#8217;in \u015fovu ba\u015flad\u0131. Bu dakikada\u00a0Zlatan Ibrahimovic, kafa vuru\u015fuyla skoru 4-1&#8217;e getirdi. Bu golden sadece iki dakika sonra Lustig&#8217;in say\u0131s\u0131yla Almanya \u0130sve\u00e7 ma\u00e7\u0131 skoru 4-2&#8217;ye geldi. Galatasaray&#8217;\u0131n golc\u00fcs\u00fc Elmander 76. dakikada \u0130sve\u00e7&#8217;i iyice umutland\u0131ran gol\u00fc att\u0131: 3-4&#8230; Ma\u00e7\u0131n son dakikas\u0131nda ise Almanlar \u015foka girdi! Rasmus Elm&#8217;in 90+3. dakikada att\u0131\u011f\u0131 gol Almanya \u0130sve\u00e7 ma\u00e7\u0131 skoruna dengeyi getirdi. 4-4&#8217;l\u00fck beraberli\u011fin ard\u0131ndan Almanya puan\u0131n\u0131 10&#8217;a, \u0130sve\u00e7 ise 7&#8217;e y\u00fckseltti.<\/p>\n<h2>Almanya \u0130sve\u00e7 ma\u00e7\u0131 \u00f6zeti \/ Video;<\/h2>\n[media id=1854 width=610 height=340]\n<!-- Error, Advert is not available at this time due to schedule\/geolocation restrictions! -->\n","protected":false},"excerpt":{"rendered":"<p>Almanya \u0130sve\u00e7 ma\u00e7\u0131 m\u00fcthi\u015f bir geri d\u00f6n\u00fc\u015fe sahne oldu. Almanya \u0130sve\u00e7 kar\u015f\u0131s\u0131nda 4-0&#8217;l\u0131k skoru koruyamad\u0131 ve m\u00fccadele 4-4 berabere sona erdi. \/ Almanya \u0130sve\u00e7 ma\u00e7\u0131 \u00f6zeti (Video)<\/p>\n","protected":false},"author":4,"featured_media":181943,"comment_status":"open","ping_status":"open","sticky":false,"template":"","format":"standard","meta":{"_acf_changed":false,"footnotes":""},"categories":[8244],"tags":[113617],"class_list":["post-120527","post","type-post","status-publish","format-standard","has-post-thumbnail","hentry","category-fifa-dunya-kupasi","tag-almanya-isvec"],"acf":[],"_links":{"self":[{"href":"https:\/\/www.nationalturk.com\/tr\/wp-json\/wp\/v2\/posts\/120527","targetHints":{"allow":["GET"]}}],"collection":[{"href":"https:\/\/www.nationalturk.com\/tr\/wp-json\/wp\/v2\/posts"}],"about":[{"href":"https:\/\/www.nationalturk.com\/tr\/wp-json\/wp\/v2\/types\/post"}],"author":[{"embeddable":true,"href":"https:\/\/www.nationalturk.com\/tr\/wp-json\/wp\/v2\/users\/4"}],"replies":[{"embeddable":true,"href":"https:\/\/www.nationalturk.com\/tr\/wp-json\/wp\/v2\/comments?post=120527"}],"version-history":[{"count":0,"href":"https:\/\/www.nationalturk.com\/tr\/wp-json\/wp\/v2\/posts\/120527\/revisions"}],"wp:featuredmedia":[{"embeddable":true,"href":"https:\/\/www.nationalturk.com\/tr\/wp-json\/wp\/v2\/media\/181943"}],"wp:attachment":[{"href":"https:\/\/www.nationalturk.com\/tr\/wp-json\/wp\/v2\/media?parent=120527"}],"wp:term":[{"taxonomy":"category","embeddable":true,"href":"https:\/\/www.nationalturk.com\/tr\/wp-json\/wp\/v2\/categories?post=120527"},{"taxonomy":"post_tag","embeddable":true,"href":"https:\/\/www.nationalturk.com\/tr\/wp-json\/wp\/v2\/tags?post=120527"}],"curies":[{"name":"wp","href":"https:\/\/api.w.org\/{rel}","templated":true}]}}