{"id":120534,"date":"2012-10-17T11:23:43","date_gmt":"2012-10-17T08:23:43","guid":{"rendered":"http:\/\/www.nationalturk.com\/?p=120534"},"modified":"2012-10-17T11:23:43","modified_gmt":"2012-10-17T08:23:43","slug":"cukurcada-catisma-3-sehit-120534","status":"publish","type":"post","link":"https:\/\/www.nationalturk.com\/tr\/cukurcada-catisma-3-sehit-120534\/","title":{"rendered":"\u00c7ukurca&#8217;da \u00e7at\u0131\u015fma: 3 \u015fehit"},"content":{"rendered":"<h1><img loading=\"lazy\" decoding=\"async\" class=\"alignleft size-medium wp-image-120535\" title=\"\" src=\"http:\/\/www.nationalturk.com\/tr\/wp-content\/uploads\/2012\/10\/helikopter__cukurca1-280x178.jpg\" alt=\"\" width=\"280\" height=\"178\" srcset=\"https:\/\/www.nationalturk.com\/tr\/wp-content\/uploads\/2012\/10\/helikopter__cukurca1-280x178.jpg 280w, https:\/\/www.nationalturk.com\/tr\/wp-content\/uploads\/2012\/10\/helikopter__cukurca1-610x388.jpg 610w, https:\/\/www.nationalturk.com\/tr\/wp-content\/uploads\/2012\/10\/helikopter__cukurca1.jpg 712w\" sizes=\"auto, (max-width: 280px) 100vw, 280px\" \/>Hakkari&#8217;nin \u00c7ukurca il\u00e7esinde bir karakol ile 2 karakolun \u00fcs b\u00f6lgesine havan topu ve uzun namlulu silahlarla d\u00fczenlenen sald\u0131r\u0131da 3 askerin \u015fehit oldu\u011fu bildirildi.<\/h1>\n<p>Al\u0131nan bilgiye g\u00f6re Hakkari&#8217;nin \u00c7ukurca il\u00e7esindeki I\u015f\u0131kl\u0131 Jandarma Karakolu ve Karata\u015f ile Gazitepe Jandarma Karakolu\u2019nun \u00fcs b\u00f6lgesine sabaha kar\u015f\u0131 bir grup ter\u00f6rist taraf\u0131ndan sald\u0131r\u0131 d\u00fczenlendi. Havan ve uzun namlulu silahlarla d\u00fczenlenen sald\u0131r\u0131da ilk belirlemeye g\u00f6re 3 askerin \u015fehit oldu\u011fu \u00f6\u011frenildi.<\/p>\n<p>Sald\u0131r\u0131dan sonra b\u00f6lgede operasyon ba\u015flat\u0131ld\u0131.<\/p>\n<!-- Error, Advert is not available at this time due to schedule\/geolocation restrictions! -->\n","protected":false},"excerpt":{"rendered":"<p>Hakkari&#8217;nin \u00c7ukurca il\u00e7esinde bir karakol ile 2 karakolun \u00fcs b\u00f6lgesine havan topu ve uzun namlulu silahlarla d\u00fczenlenen sald\u0131r\u0131da 3 askerin \u015fehit oldu\u011fu bildirildi.<\/p>\n","protected":false},"author":4,"featured_media":181942,"comment_status":"open","ping_status":"open","sticky":false,"template":"","format":"standard","meta":{"_acf_changed":false,"footnotes":""},"categories":[6155,5005,349,6805],"tags":[11023,36348,113626,11020,36347,18007,113416,113415,62513,83440,113417,112122,112125],"class_list":["post-120534","post","type-post","status-publish","format-standard","has-post-thumbnail","hentry","category-gundem","category-manset","category-son-dakika","category-turkiye","tag-cukurca","tag-cukurca-catisma","tag-gazitepe","tag-hakkari","tag-hakkari-catisma","tag-hakkari-cukurca","tag-hakkari-cukurca-1-sehit","tag-hakkari-kazan-vadisi-catisma","tag-karatas","tag-kazan-vadisi","tag-kazan-vadisi-1-sehit","tag-kazan-vadisi-catisma","tag-kazan-vadisinde-catisma"],"acf":[],"_links":{"self":[{"href":"https:\/\/www.nationalturk.com\/tr\/wp-json\/wp\/v2\/posts\/120534","targetHints":{"allow":["GET"]}}],"collection":[{"href":"https:\/\/www.nationalturk.com\/tr\/wp-json\/wp\/v2\/posts"}],"about":[{"href":"https:\/\/www.nationalturk.com\/tr\/wp-json\/wp\/v2\/types\/post"}],"author":[{"embeddable":true,"href":"https:\/\/www.nationalturk.com\/tr\/wp-json\/wp\/v2\/users\/4"}],"replies":[{"embeddable":true,"href":"https:\/\/www.nationalturk.com\/tr\/wp-json\/wp\/v2\/comments?post=120534"}],"version-history":[{"count":0,"href":"https:\/\/www.nationalturk.com\/tr\/wp-json\/wp\/v2\/posts\/120534\/revisions"}],"wp:featuredmedia":[{"embeddable":true,"href":"https:\/\/www.nationalturk.com\/tr\/wp-json\/wp\/v2\/media\/181942"}],"wp:attachment":[{"href":"https:\/\/www.nationalturk.com\/tr\/wp-json\/wp\/v2\/media?parent=120534"}],"wp:term":[{"taxonomy":"category","embeddable":true,"href":"https:\/\/www.nationalturk.com\/tr\/wp-json\/wp\/v2\/categories?post=120534"},{"taxonomy":"post_tag","embeddable":true,"href":"https:\/\/www.nationalturk.com\/tr\/wp-json\/wp\/v2\/tags?post=120534"}],"curies":[{"name":"wp","href":"https:\/\/api.w.org\/{rel}","templated":true}]}}