{"id":120646,"date":"2012-10-18T12:35:21","date_gmt":"2012-10-18T09:35:21","guid":{"rendered":"http:\/\/www.nationalturk.com\/?p=120646"},"modified":"2012-10-18T12:35:21","modified_gmt":"2012-10-18T09:35:21","slug":"cukurcada-catisma-15-terorist-olduruldu-120646","status":"publish","type":"post","link":"https:\/\/www.nationalturk.com\/tr\/cukurcada-catisma-15-terorist-olduruldu-120646\/","title":{"rendered":"\u00c7ukurca&#8217;da \u00e7at\u0131\u015fma: 15 ter\u00f6rist \u00f6ld\u00fcr\u00fcld\u00fc"},"content":{"rendered":"<h1><img loading=\"lazy\" decoding=\"async\" class=\"alignleft size-medium wp-image-120647\" title=\"\" src=\"http:\/\/www.nationalturk.com\/tr\/wp-content\/uploads\/2012\/10\/son-dakika-dikey15-206x220.jpg\" alt=\"\" width=\"206\" height=\"220\" srcset=\"https:\/\/www.nationalturk.com\/tr\/wp-content\/uploads\/2012\/10\/son-dakika-dikey15-206x220.jpg 206w, https:\/\/www.nationalturk.com\/tr\/wp-content\/uploads\/2012\/10\/son-dakika-dikey15.jpg 300w\" sizes=\"auto, (max-width: 206px) 100vw, 206px\" \/>Hakkari&#8217;nin \u00c7ukurca il\u00e7esinde 3 askerin \u015fehit oldu\u011fu \u00e7at\u0131\u015fman\u0131n ard\u0131ndan ba\u015flat\u0131lan operasyonlarda PKK&#8217;l\u0131 ceset say\u0131s\u0131 15&#8217;e ula\u015ft\u0131.<\/h1>\n<p>\u00d6nceki gece I\u015f\u0131kl\u0131 Jandarma Karakolu ile \u00fcs b\u00f6lgesine d\u00fczenlenen ve 3 askerin \u015fehit oldu\u011fu, 3 ter\u00f6ristin de etkisiz hale getirildi\u011fi sald\u0131r\u0131dan sonra b\u00f6lgede hava destekli operasyon ba\u015flat\u0131ld\u0131.\u00a0B\u00f6lgede devam eden operasyonlarda, ter\u00f6ristlerle s\u0131cak temas sa\u011flayan g\u00fcvenlik g\u00fc\u00e7leri, &#8216;teslim ol&#8217; \u00e7a\u011fr\u0131s\u0131na ate\u015fle kar\u015f\u0131l\u0131k veren 12 ter\u00f6risti daha etkisiz hale getirdi.<\/p>\n<p>B\u00f6ylelikle iki g\u00fcnden bu yana s\u00fcren operasyonlarda etkisiz hale getirilen ter\u00f6rist say\u0131s\u0131 15&#8217;e y\u00fckseldi.\u00a0\u00d6te yandan, operasyon b\u00f6lgesinden ka\u00e7an ter\u00f6ristlerin sakland\u0131\u011f\u0131 ma\u011fara ve s\u0131\u011f\u0131naklar\u0131n da insans\u0131z hava ara\u00e7lar\u0131 taraf\u0131ndan tespit edilerek, top at\u0131\u015f\u0131 ve helikopterlerle ate\u015f alt\u0131na al\u0131nd\u0131\u011f\u0131 \u00f6\u011frenildi.<\/p>\n<!-- Error, Advert is not available at this time due to schedule\/geolocation restrictions! -->\n","protected":false},"excerpt":{"rendered":"<p>Hakkari&#8217;nin \u00c7ukurca il\u00e7esinde 3 askerin \u015fehit oldu\u011fu \u00e7at\u0131\u015fman\u0131n ard\u0131ndan ba\u015flat\u0131lan operasyonlarda PKK&#8217;l\u0131 ceset say\u0131s\u0131 15&#8217;e ula\u015ft\u0131.<\/p>\n","protected":false},"author":4,"featured_media":181921,"comment_status":"open","ping_status":"open","sticky":false,"template":"","format":"standard","meta":{"_acf_changed":false,"footnotes":""},"categories":[6155,5005,6202,349,6805],"tags":[83627,36348,113626,11020,36347,18007,113416,113415,62513,83440,113417,112122,112125],"class_list":["post-120646","post","type-post","status-publish","format-standard","has-post-thumbnail","hentry","category-gundem","category-manset","category-politika","category-son-dakika","category-turkiye","tag-15-terorist-olduruldu","tag-cukurca-catisma","tag-gazitepe","tag-hakkari","tag-hakkari-catisma","tag-hakkari-cukurca","tag-hakkari-cukurca-1-sehit","tag-hakkari-kazan-vadisi-catisma","tag-karatas","tag-kazan-vadisi","tag-kazan-vadisi-1-sehit","tag-kazan-vadisi-catisma","tag-kazan-vadisinde-catisma"],"acf":[],"_links":{"self":[{"href":"https:\/\/www.nationalturk.com\/tr\/wp-json\/wp\/v2\/posts\/120646","targetHints":{"allow":["GET"]}}],"collection":[{"href":"https:\/\/www.nationalturk.com\/tr\/wp-json\/wp\/v2\/posts"}],"about":[{"href":"https:\/\/www.nationalturk.com\/tr\/wp-json\/wp\/v2\/types\/post"}],"author":[{"embeddable":true,"href":"https:\/\/www.nationalturk.com\/tr\/wp-json\/wp\/v2\/users\/4"}],"replies":[{"embeddable":true,"href":"https:\/\/www.nationalturk.com\/tr\/wp-json\/wp\/v2\/comments?post=120646"}],"version-history":[{"count":0,"href":"https:\/\/www.nationalturk.com\/tr\/wp-json\/wp\/v2\/posts\/120646\/revisions"}],"wp:featuredmedia":[{"embeddable":true,"href":"https:\/\/www.nationalturk.com\/tr\/wp-json\/wp\/v2\/media\/181921"}],"wp:attachment":[{"href":"https:\/\/www.nationalturk.com\/tr\/wp-json\/wp\/v2\/media?parent=120646"}],"wp:term":[{"taxonomy":"category","embeddable":true,"href":"https:\/\/www.nationalturk.com\/tr\/wp-json\/wp\/v2\/categories?post=120646"},{"taxonomy":"post_tag","embeddable":true,"href":"https:\/\/www.nationalturk.com\/tr\/wp-json\/wp\/v2\/tags?post=120646"}],"curies":[{"name":"wp","href":"https:\/\/api.w.org\/{rel}","templated":true}]}}