{"id":120724,"date":"2012-10-19T13:45:36","date_gmt":"2012-10-19T10:45:36","guid":{"rendered":"http:\/\/www.nationalturk.com\/?p=120724"},"modified":"2012-10-19T13:49:18","modified_gmt":"2012-10-19T10:49:18","slug":"agrida-dogalgaz-boru-hattina-saldiri-28-asker-yarali-120724","status":"publish","type":"post","link":"https:\/\/www.nationalturk.com\/tr\/agrida-dogalgaz-boru-hattina-saldiri-28-asker-yarali-120724\/","title":{"rendered":"A\u011fr\u0131&#8217;da do\u011falgaz boru hatt\u0131na sald\u0131r\u0131: 28 asker yaral\u0131"},"content":{"rendered":"<h1><img loading=\"lazy\" decoding=\"async\" class=\"alignleft size-medium wp-image-120725\" title=\"\" src=\"http:\/\/www.nationalturk.com\/tr\/wp-content\/uploads\/2012\/10\/hastane_agri-280x185.jpg\" alt=\"\" width=\"280\" height=\"185\" srcset=\"https:\/\/www.nationalturk.com\/tr\/wp-content\/uploads\/2012\/10\/hastane_agri-280x185.jpg 280w, https:\/\/www.nationalturk.com\/tr\/wp-content\/uploads\/2012\/10\/hastane_agri-604x400.jpg 604w, https:\/\/www.nationalturk.com\/tr\/wp-content\/uploads\/2012\/10\/hastane_agri.jpg 712w\" sizes=\"auto, (max-width: 280px) 100vw, 280px\" \/>A\u011fr\u0131&#8217;n\u0131n Ele\u015fkirt ile Erzurum&#8217;un Horasan il\u00e7eleri aras\u0131nda \u0130ran do\u011falgaz\u0131n\u0131 ta\u015f\u0131yan boru hatt\u0131na PKK taraf\u0131ndan sald\u0131r\u0131 d\u00fczenlendi. Askerlerin devriye att\u0131\u011f\u0131 s\u0131rada meydana gelen patlamada 28 asker yaraland\u0131.<\/h1>\n<p>Al\u0131nan bilgilere g\u00f6re Ele\u015fkirt\u2019e 10 kilometre uzakl\u0131ktaki T\u00fcrkeli k\u00f6y\u00fc yak\u0131nlar\u0131nda askerlerin devriyesi s\u0131ras\u0131nda patlama meydana geldi. A\u011fr\u0131 Valisi Mehmet Tekinarslan, Ele\u015fkirt il\u00e7esinde askeri arac\u0131n ge\u00e7i\u015fi s\u0131ras\u0131ndaki patlamaya ili\u015fkin, &#8220;Patlama esnas\u0131nda 28 askerimiz \u00e7e\u015fitli \u015fekillerde yaraland\u0131. Yaral\u0131 askerler A\u011fr\u0131 Devlet Hastanesi&#8217;ne sevk edildi. V\u00fccudunda 3&#8217;\u00fcnc\u00fc derece yan\u0131k bulunan bir asker ise Erzurum&#8217;a g\u00f6nderildi&#8221; dedi.<\/p>\n<p>Vali Tekinarslan, \u015funlar\u0131 kaydetti:<\/p>\n<p>\u201cDo\u011falgaz boru hatt\u0131na ter\u00f6ristlerce uzaktan kumandal\u0131 zaman ayarl\u0131 patlay\u0131c\u0131 sald\u0131r\u0131 d\u00fczenlendi. Patlama esnas\u0131nda karayolunun g\u00fcvenli\u011fiyle ilgili personel \u00e7e\u015fitli \u015fekillerde yaraland\u0131. \u00c7o\u011fu yan\u0131k vakas\u0131. Ama yan\u0131klar\u0131n b\u00fcy\u00fck k\u0131sm\u0131 hafif. Patlaman\u0131n ard\u0131ndan yaralanan askerlerimiz hastaneye ula\u015ft\u0131lar. Hayati riski olan personelimiz ambulanslarla intikal etti. Sa\u011fl\u0131k\u00e7\u0131 arkada\u015flar\u0131m\u0131z seferber oldu. Allah esirgedi.\u201d<\/p>\n<p>Olayda can kayb\u0131n\u0131n olmad\u0131\u011f\u0131n\u0131, durumun kontrol alt\u0131nda oldu\u011funa dikkati \u00e7eken Tekinarslan, \u201cBu hainlerin nerede, ne zaman, ne yapacaklar\u0131 g\u00f6r\u00fclm\u00fc\u015f oldu. Bu t\u00fcr olaylar bizi hi\u00e7bir zaman y\u0131lg\u0131nl\u0131\u011fa d\u00fc\u015f\u00fcrmez. A\u011fr\u0131&#8217;da b\u00fct\u00fcn vatanda\u015flar\u0131m\u0131z hastaneye ak\u0131n etti. Bu hain sald\u0131r\u0131y\u0131 lanetlediler\u201d dedi.<\/p>\n<p>Tekinarslan, patlaman\u0131n ter\u00f6ristler taraf\u0131ndan yap\u0131ld\u0131\u011f\u0131n\u0131 bildiklerini, b\u00f6lgede yang\u0131n\u0131n s\u00f6nd\u00fcr\u00fcld\u00fc\u011f\u00fcn\u00fc, g\u00fcvenlik g\u00fc\u00e7lerinin patlamay\u0131 yapan ekiplerin pe\u015finde oldu\u011funu kaydetti.<\/p>\n<h2>Vali Tekinarslan: Ara\u00e7 yok, askerler yaya<\/h2>\n<p>Vali Mehmet Tekinarslan, internet sitelerinde ve sosyal medyada, Ele\u015firt&#8217;teki do\u011falgaz boru hatt\u0131na d\u00fczenlenen sald\u0131r\u0131n\u0131n askeri arac\u0131n ge\u00e7i\u015fi s\u0131ras\u0131nda meydana geldi\u011fine dair haberlerin yer ald\u0131\u011f\u0131na dikkati \u00e7ekerek, &#8220;Bu do\u011fru de\u011fil. Do\u011falgaz boru hatt\u0131ndaki patlama b\u00f6lgede yaya olarak g\u00fcvenli\u011fi sa\u011flayan ekip olay yerinden ge\u00e7erken meydana geldi. Askeri arac\u0131n ge\u00e7i\u015fi s\u0131ras\u0131nda patlama oldu\u011fu bilgisi do\u011fru de\u011fildir.&#8221; dedi.<\/p>\n<p>Vali Tekinarslan, olay\u0131n oldu\u011fu yerin BOTA\u015e\u2019\u0131n \u0130ran-T\u00fcrkiye do\u011falgaz boru hatt\u0131n\u0131n ge\u00e7ti\u011fi da\u011fl\u0131k bir alan oldu\u011funa dikkati \u00e7ekerek \u015fu bilgileri verdi: &#8221; Patlamada yaralananlar arazide hem BOTA\u015e\u2019\u0131n boru hatt\u0131n\u0131n g\u00fcvenli\u011fiyle ilgili hem de arazi arama faaliyeti yapan birliklerimizdeki askerler. Bu birliklerimiz yaya. Ara\u00e7l\u0131 de\u011filler. Bu ara\u00e7 s\u00f6ylentisi nereden \u00e7\u0131kt\u0131 bilemiyoruz. Ara\u00e7 varm\u0131\u015f gibi bir de\u011ferlendirme yanl\u0131\u015ft\u0131r.\u201d ifadelerini kulland\u0131.<\/p>\n<p>Tekinarslan, patlamada yaralanan askerlerin operasyonel faaliyetleri ger\u00e7ekle\u015ftiren birlikler oldu\u011funu da vurgulad\u0131.<\/p>\n<!-- Error, Advert is not available at this time due to schedule\/geolocation restrictions! -->\n","protected":false},"excerpt":{"rendered":"<p>A\u011fr\u0131&#8217;n\u0131n Ele\u015fkirt ile Erzurum&#8217;un Horasan il\u00e7eleri aras\u0131nda \u0130ran do\u011falgaz\u0131n\u0131 ta\u015f\u0131yan boru hatt\u0131na PKK taraf\u0131ndan sald\u0131r\u0131 d\u00fczenlendi. Askerlerin devriye att\u0131\u011f\u0131 s\u0131rada meydana gelen patlamada 28 asker yaraland\u0131.<\/p>\n","protected":false},"author":4,"featured_media":181906,"comment_status":"open","ping_status":"open","sticky":false,"template":"","format":"standard","meta":{"_acf_changed":false,"footnotes":""},"categories":[6155,5005,349,6805],"tags":[10611,7318],"class_list":["post-120724","post","type-post","status-publish","format-standard","has-post-thumbnail","hentry","category-gundem","category-manset","category-son-dakika","category-turkiye","tag-agri","tag-iran-dogalgazi"],"acf":[],"_links":{"self":[{"href":"https:\/\/www.nationalturk.com\/tr\/wp-json\/wp\/v2\/posts\/120724","targetHints":{"allow":["GET"]}}],"collection":[{"href":"https:\/\/www.nationalturk.com\/tr\/wp-json\/wp\/v2\/posts"}],"about":[{"href":"https:\/\/www.nationalturk.com\/tr\/wp-json\/wp\/v2\/types\/post"}],"author":[{"embeddable":true,"href":"https:\/\/www.nationalturk.com\/tr\/wp-json\/wp\/v2\/users\/4"}],"replies":[{"embeddable":true,"href":"https:\/\/www.nationalturk.com\/tr\/wp-json\/wp\/v2\/comments?post=120724"}],"version-history":[{"count":0,"href":"https:\/\/www.nationalturk.com\/tr\/wp-json\/wp\/v2\/posts\/120724\/revisions"}],"wp:featuredmedia":[{"embeddable":true,"href":"https:\/\/www.nationalturk.com\/tr\/wp-json\/wp\/v2\/media\/181906"}],"wp:attachment":[{"href":"https:\/\/www.nationalturk.com\/tr\/wp-json\/wp\/v2\/media?parent=120724"}],"wp:term":[{"taxonomy":"category","embeddable":true,"href":"https:\/\/www.nationalturk.com\/tr\/wp-json\/wp\/v2\/categories?post=120724"},{"taxonomy":"post_tag","embeddable":true,"href":"https:\/\/www.nationalturk.com\/tr\/wp-json\/wp\/v2\/tags?post=120724"}],"curies":[{"name":"wp","href":"https:\/\/api.w.org\/{rel}","templated":true}]}}