{"id":120817,"date":"2012-10-20T16:43:16","date_gmt":"2012-10-20T13:43:16","guid":{"rendered":"http:\/\/www.nationalturk.com\/?p=120817"},"modified":"2022-08-26T12:57:21","modified_gmt":"2022-08-26T09:57:21","slug":"fikret-ormanin-fulya-hamlesi-yanlis-mi-besiktas-haberleri-120817","status":"publish","type":"post","link":"https:\/\/www.nationalturk.com\/tr\/fikret-ormanin-fulya-hamlesi-yanlis-mi-besiktas-haberleri-120817\/","title":{"rendered":"Fikret Orman&#8217;\u0131n Fulya hamlesi yanl\u0131\u015f m\u0131! \/ Be\u015fikta\u015f Haberleri"},"content":{"rendered":"<figure id=\"attachment_31474\" aria-describedby=\"caption-attachment-31474\" style=\"width: 232px\" class=\"wp-caption alignleft\"><a href=\"http:\/\/www.besiktaspostasi.com\/wp-content\/uploads\/2012\/10\/belge1.jpg\" target=\"_blank\" rel=\"noopener\"><img loading=\"lazy\" decoding=\"async\" class=\"size-medium wp-image-31474 \" src=\"http:\/\/www.besiktaspostasi.com\/wp-content\/uploads\/2012\/10\/belge1-232x300.jpg\" alt=\"\" width=\"232\" height=\"300\" title=\"\"><\/a><figcaption id=\"caption-attachment-31474\" class=\"wp-caption-text\">Belgeyi b\u00fcy\u00fctmek i\u00e7in t\u0131klay\u0131n<\/figcaption><\/figure>\n<h1>Be\u015fikta\u015f&#8217;ta Fulya konusu yeniden alevlendi. Fikret Orman y\u00f6netimi, Fulya projesinde Be\u015fikta\u015f kul\u00fcb\u00fc ile A\u015f\u00e7\u0131o\u011flu in\u015faat \u015firketi aras\u0131nda y\u00fczde 67&#8217;ye 33 olmas\u0131 gereken payla\u015f\u0131m\u0131n yerine getirilmedi\u011fi gerek\u00e7esiyle \u0130\u00e7i\u015fleri Bakanl\u0131\u011f\u0131&#8217;na ba\u015fvurdu. Ancak bundan sonu\u00e7 al\u0131namayaca\u011f\u0131 \u00f6\u011frenildi.<\/h1>\n<p><strong>Be\u015fikta\u015f Postas\u0131&#8217;n\u0131n \u00f6zel haberi;<\/strong><\/p>\n<p>Be\u015fikta\u015f Y\u00f6netimi, kul\u00fcb\u00fcn Fulya Projesi&#8217;nden 40 milyon Dolar zarar\u0131 oldu\u011funu ileri s\u00fcrerek, oran payla\u015f\u0131m\u0131n\u0131n s\u00f6zle\u015fmeye uygun hale getirilmesi i\u00e7in Dernekler Masas\u0131&#8217;na ba\u015fvurdu. Hat\u0131rlanaca\u011f\u0131 gibi Fulya BJK S\u00fcleyman Seba Projesi&#8217;nde Y\u0131ld\u0131r\u0131m Demir\u00f6ren y\u00f6netimi ile A\u015f\u00e7\u0131o\u011flu in\u015faat \u015firketi aras\u0131nda y\u00fczde 67 Be\u015fikta\u015f, y\u00fczde 33 in\u015faat \u015firketi \u015feklinde anla\u015fma imzalanm\u0131\u015ft\u0131.<\/p>\n<p>Ancak proje hayata ge\u00e7tikten sonra bu oran\u0131n y\u00fczde 45 kul\u00fcp, y\u00fczde 55 oran\u0131nda ise A\u015f\u00e7\u0131o\u011flu firmas\u0131 ad\u0131na ger\u00e7ekle\u015fti\u011fi iddia edilmi\u015f ve kongre \u00fcyeleri taraf\u0131ndan &#8220;Fulya davas\u0131&#8221; olarak bilinen dava a\u00e7\u0131lm\u0131\u015ft\u0131. S\u00f6z konusu dava kapsam\u0131nda \u0130\u00e7i\u015fleri Bakanl\u0131\u011f\u0131 m\u00fcfetti\u015fleri Be\u015fikta\u015f kul\u00fcb\u00fcn\u00fc denetlemi\u015f ve Y\u0131ld\u0131r\u0131m Demir\u00f6ren y\u00f6netiminin y\u00fczde 67&#8217;ye 33&#8217;l\u00fck payla\u015f\u0131m\u0131n yerine getirilip getirilmedi\u011fini belirlemek i\u00e7in tespit davas\u0131 a\u00e7\u0131lmas\u0131na karar verdi\u011fine raporunda yer vermi\u015fti.<\/p>\n<p>Y\u0131ld\u0131r\u0131m Demir\u00f6ren y\u00f6netimi ise aradan y\u0131llar ge\u00e7mesine ra\u011fmen tespit davas\u0131 a\u00e7mad\u0131!<\/p>\n<p>Demir\u00f6ren&#8217;den sonra g\u00f6reve gelen Fikret Orman y\u00f6netimi ise g\u00f6reve geldikten 8 ay sonra \u0130\u00e7i\u015fleri Bakanl\u0131\u011f\u0131 Dernekler Masas\u0131&#8217;na payla\u015f\u0131m\u0131n Be\u015fikta\u015f aleyhine oldu\u011fu gerek\u00e7esiyle ba\u015fvuru yapt\u0131.<\/p>\n<figure id=\"attachment_120900\" aria-describedby=\"caption-attachment-120900\" style=\"width: 156px\" class=\"wp-caption alignleft\"><a href=\"http:\/\/www.nationalturk.com\/tr\/wp-content\/uploads\/2012\/10\/bjk2.jpg\" target=\"_blank\" rel=\"noopener\"><img loading=\"lazy\" decoding=\"async\" class=\"size-medium wp-image-120900\" title=\"\" src=\"http:\/\/www.nationalturk.com\/tr\/wp-content\/uploads\/2012\/10\/bjk2-156x220.jpg\" alt=\"\" width=\"156\" height=\"220\" srcset=\"https:\/\/www.nationalturk.com\/tr\/wp-content\/uploads\/2012\/10\/bjk2-156x220.jpg 156w, https:\/\/www.nationalturk.com\/tr\/wp-content\/uploads\/2012\/10\/bjk2-285x400.jpg 285w, https:\/\/www.nationalturk.com\/tr\/wp-content\/uploads\/2012\/10\/bjk2.jpg 1848w\" sizes=\"auto, (max-width: 156px) 100vw, 156px\" \/><\/a><figcaption id=\"caption-attachment-120900\" class=\"wp-caption-text\">Resmi b\u00fcy\u00fctmek i\u00e7in t\u0131klay\u0131n<\/figcaption><\/figure>\n<p>Oysa ki \u0130\u00e7i\u015fleri Bakanl\u0131\u011f\u0131, Fulya davas\u0131 i\u00e7in haz\u0131rlad\u0131\u011f\u0131 raporda &#8220;S\u00f6zle\u015fmenin imzalanmas\u0131 s\u0131ras\u0131nda avam proje \u00fczerinden yap\u0131lan metrekare payla\u015f\u0131m\u0131nda belirtilen toplam in\u015faat alan\u0131nda, uygulama projeleri ve fiili durum neticesinde art\u0131\u015f oldu\u011fu, <strong>art\u0131\u015f\u0131n b\u00fcy\u00fck b\u00f6l\u00fcm\u00fcn\u00fcn payla\u015f\u0131mda A\u015f\u00e7\u0131o\u011flu \u0130n\u015faat Taahh\u00fct Turizm Ticaret A.\u015e. firmas\u0131na kalan rezidans bloklar\u0131nda olmas\u0131 nedeniyle toplamdaki y\u00fczde 67 BJK, y\u00fczde 33 A\u015f\u00e7\u0131o\u011flu oran\u0131n\u0131n tutturulamad\u0131\u011f\u0131<\/strong>&#8221; ibaresiyle Be\u015fikta\u015f&#8217;\u0131n zarar g\u00f6rd\u00fc\u011f\u00fcn\u00fc adeta do\u011frulam\u0131\u015f, y\u00f6netim ile \u015firketin tespit davas\u0131 i\u00e7in anla\u015ft\u0131\u011f\u0131n\u0131 duyurmu\u015ftu.<\/p>\n<p>Bu durumda Fikret Orman y\u00f6netiminin, Be\u015fikta\u015f&#8217;\u0131n Fulya&#8217;daki zarar\u0131n\u0131 belgelemek i\u00e7in yapmas\u0131 gereken tek \u015fey olan tespit davas\u0131 a\u00e7mak yerine bu durumu daha \u00f6nce zaten kabul eden Dernekler Masas\u0131&#8217;na ba\u015fvuru yapmas\u0131 kafalar\u0131 kar\u0131\u015ft\u0131rd\u0131.<\/p>\n<!-- Error, Advert is not available at this time due to schedule\/geolocation restrictions! -->\n","protected":false},"excerpt":{"rendered":"<p>Be\u015fikta\u015f&#8217;ta Fulya konusu yeniden alevlendi. Fikret Orman y\u00f6netimi, Fulya projesinde Be\u015fikta\u015f kul\u00fcb\u00fc ile A\u015f\u00e7\u0131o\u011flu in\u015faat \u015firketi aras\u0131nda y\u00fczde 67&#8217;ye 33 olmas\u0131 gereken payla\u015f\u0131m\u0131n yerine getirilmedi\u011fi gerek\u00e7esiyle \u0130\u00e7i\u015fleri Bakanl\u0131\u011f\u0131&#8217;na ba\u015fvurdu. Ancak bundan sonu\u00e7 al\u0131namayaca\u011f\u0131 \u00f6\u011frenildi.<\/p>\n","protected":false},"author":4,"featured_media":181892,"comment_status":"open","ping_status":"open","sticky":false,"template":"","format":"standard","meta":{"_acf_changed":false,"footnotes":""},"categories":[6774,5005,6194],"tags":[110987,1748,5158,113958,14888,93386,15426,2269],"class_list":["post-120817","post","type-post","status-publish","format-standard","has-post-thumbnail","hentry","category-futbol","category-manset","category-spor","tag-ascioglu","tag-besiktas","tag-besiktas-yonetimi","tag-fikret-orman-fulya","tag-fulya","tag-fulya-projesi","tag-icisleri-bakanligi","tag-yildirim-demiroren"],"acf":[],"_links":{"self":[{"href":"https:\/\/www.nationalturk.com\/tr\/wp-json\/wp\/v2\/posts\/120817","targetHints":{"allow":["GET"]}}],"collection":[{"href":"https:\/\/www.nationalturk.com\/tr\/wp-json\/wp\/v2\/posts"}],"about":[{"href":"https:\/\/www.nationalturk.com\/tr\/wp-json\/wp\/v2\/types\/post"}],"author":[{"embeddable":true,"href":"https:\/\/www.nationalturk.com\/tr\/wp-json\/wp\/v2\/users\/4"}],"replies":[{"embeddable":true,"href":"https:\/\/www.nationalturk.com\/tr\/wp-json\/wp\/v2\/comments?post=120817"}],"version-history":[{"count":0,"href":"https:\/\/www.nationalturk.com\/tr\/wp-json\/wp\/v2\/posts\/120817\/revisions"}],"wp:featuredmedia":[{"embeddable":true,"href":"https:\/\/www.nationalturk.com\/tr\/wp-json\/wp\/v2\/media\/181892"}],"wp:attachment":[{"href":"https:\/\/www.nationalturk.com\/tr\/wp-json\/wp\/v2\/media?parent=120817"}],"wp:term":[{"taxonomy":"category","embeddable":true,"href":"https:\/\/www.nationalturk.com\/tr\/wp-json\/wp\/v2\/categories?post=120817"},{"taxonomy":"post_tag","embeddable":true,"href":"https:\/\/www.nationalturk.com\/tr\/wp-json\/wp\/v2\/tags?post=120817"}],"curies":[{"name":"wp","href":"https:\/\/api.w.org\/{rel}","templated":true}]}}