{"id":121005,"date":"2012-10-24T12:01:26","date_gmt":"2012-10-24T09:01:26","guid":{"rendered":"http:\/\/www.nationalturk.com\/?p=121005"},"modified":"2012-10-24T12:01:26","modified_gmt":"2012-10-24T09:01:26","slug":"galatasarayda-elmander-soku-121005","status":"publish","type":"post","link":"https:\/\/www.nationalturk.com\/tr\/galatasarayda-elmander-soku-121005\/","title":{"rendered":"Galatasaray&#8217;da Elmander \u015foku!"},"content":{"rendered":"<h1><img loading=\"lazy\" decoding=\"async\" class=\"alignleft size-medium wp-image-121006\" title=\"Elmander sakatland\u0131\" src=\"http:\/\/www.nationalturk.com\/tr\/wp-content\/uploads\/2012\/10\/elmander_sedye-280x209.jpg\" alt=\"\" width=\"280\" height=\"209\" srcset=\"https:\/\/www.nationalturk.com\/tr\/wp-content\/uploads\/2012\/10\/elmander_sedye-280x209.jpg 280w, https:\/\/www.nationalturk.com\/tr\/wp-content\/uploads\/2012\/10\/elmander_sedye-534x400.jpg 534w, https:\/\/www.nationalturk.com\/tr\/wp-content\/uploads\/2012\/10\/elmander_sedye.jpg 712w\" sizes=\"auto, (max-width: 280px) 100vw, 280px\" \/>Galatasaray&#8217;\u0131n d\u00fcn ak\u015fam Cluj&#8217;la 1-1 berabere kald\u0131\u011f\u0131 \u015eampiyonlar Ligi ma\u00e7\u0131nda sakatlanan ve sahay\u0131 sedyeyle terk eden Johan Elmander&#8217;in sakatl\u0131\u011f\u0131n\u0131n ciddi oldu\u011fu ve en az 1 ay sahalardan uzak kalaca\u011f\u0131 a\u00e7\u0131kland\u0131.<\/h1>\n<p>Cluj ma\u00e7\u0131n\u0131n ilk yar\u0131s\u0131nda sakatlanarak oyundan \u00e7\u0131kmak zorunda kalan Elmander sahay\u0131 sedye ile terk etmi\u015fti. \u0130sve\u00e7li golc\u00fcn\u00fcn yap\u0131lan kontrollerinde ac\u0131 durum ortaya \u00e7\u0131kt\u0131. Elmander\u2019in sa\u011f uyluk arka biceps kas\u0131nda totale yak\u0131n ileri derecede y\u0131rt\u0131k tespit edildi. Kul\u00fcb\u00fcn resmi sitesinde a\u00e7\u0131klanan duyuruda Elmander\u2019in sakatl\u0131\u011f\u0131n\u0131n ne kadar s\u00fcrede d\u00fczelebilece\u011fi konusunda bilgi verilmedi. Ancak Elmander&#8217;in en az 1 ay sahalardan uzak kalmas\u0131 bekleniyor.<\/p>\n<p>Bu arada Melo\u2019nun da sa\u011f ayak bile\u011finde d\u0131\u015f yan ba\u011f yaralanmas\u0131 tespit edildi. Melo\u2019nun da bu hafta ligde oynanacak Kayseri ma\u00e7\u0131nda forma giyememe riski bulunuyor.<\/p>\n<!-- Error, Advert is not available at this time due to schedule\/geolocation restrictions! -->\n","protected":false},"excerpt":{"rendered":"<p>Galatasaray&#8217;\u0131n d\u00fcn ak\u015fam Cluj&#8217;la 1-1 berabere kald\u0131\u011f\u0131 \u015eampiyonlar Ligi ma\u00e7\u0131nda sakatlanan ve sahay\u0131 sedyeyle terk eden Johan Elmander&#8217;in sakatl\u0131\u011f\u0131n\u0131n ciddi oldu\u011fu ve en az 1 ay sahalardan uzak kalaca\u011f\u0131 a\u00e7\u0131kland\u0131.<\/p>\n","protected":false},"author":4,"featured_media":181856,"comment_status":"open","ping_status":"open","sticky":false,"template":"","format":"standard","meta":{"_acf_changed":false,"footnotes":""},"categories":[6774,5005,6194],"tags":[70380,96162,96163,4114,70384,53767],"class_list":["post-121005","post","type-post","status-publish","format-standard","has-post-thumbnail","hentry","category-futbol","category-manset","category-spor","tag-elmander","tag-elmander-sakatlandi","tag-elmander-sakatlik","tag-galatasaray","tag-galatasaray-elmander","tag-johan-elmander"],"acf":[],"_links":{"self":[{"href":"https:\/\/www.nationalturk.com\/tr\/wp-json\/wp\/v2\/posts\/121005","targetHints":{"allow":["GET"]}}],"collection":[{"href":"https:\/\/www.nationalturk.com\/tr\/wp-json\/wp\/v2\/posts"}],"about":[{"href":"https:\/\/www.nationalturk.com\/tr\/wp-json\/wp\/v2\/types\/post"}],"author":[{"embeddable":true,"href":"https:\/\/www.nationalturk.com\/tr\/wp-json\/wp\/v2\/users\/4"}],"replies":[{"embeddable":true,"href":"https:\/\/www.nationalturk.com\/tr\/wp-json\/wp\/v2\/comments?post=121005"}],"version-history":[{"count":0,"href":"https:\/\/www.nationalturk.com\/tr\/wp-json\/wp\/v2\/posts\/121005\/revisions"}],"wp:featuredmedia":[{"embeddable":true,"href":"https:\/\/www.nationalturk.com\/tr\/wp-json\/wp\/v2\/media\/181856"}],"wp:attachment":[{"href":"https:\/\/www.nationalturk.com\/tr\/wp-json\/wp\/v2\/media?parent=121005"}],"wp:term":[{"taxonomy":"category","embeddable":true,"href":"https:\/\/www.nationalturk.com\/tr\/wp-json\/wp\/v2\/categories?post=121005"},{"taxonomy":"post_tag","embeddable":true,"href":"https:\/\/www.nationalturk.com\/tr\/wp-json\/wp\/v2\/tags?post=121005"}],"curies":[{"name":"wp","href":"https:\/\/api.w.org\/{rel}","templated":true}]}}