{"id":121356,"date":"2012-11-01T15:09:50","date_gmt":"2012-11-01T13:09:50","guid":{"rendered":"http:\/\/www.nationalturk.com\/?p=121356"},"modified":"2022-08-16T15:38:56","modified_gmt":"2022-08-16T12:38:56","slug":"deniz-baykal-cevik-bir-121356","status":"publish","type":"post","link":"https:\/\/www.nationalturk.com\/tr\/deniz-baykal-cevik-bir-121356\/","title":{"rendered":"Deniz Baykal \u00c7evik Bir&#8217;le g\u00f6r\u00fc\u015ft\u00fc m\u00fc?"},"content":{"rendered":"<p>Deniz Baykal&#8217;\u0131n TBMM Sekretaryas\u0131, Hasan Celal G\u00fczel&#8217;in TBMM Darbe ve Muht\u0131ralar\u0131 Ara\u015ft\u0131rma Komisyonu&#8217;nda, &#8221;Baykal&#8217;\u0131n s\u0131k s\u0131k \u00c7evik Bir ile g\u00f6r\u00fc\u015ft\u00fc\u011f\u00fc&#8221; y\u00f6n\u00fcndeki iddias\u0131n\u0131 yalanlad\u0131.\u00a0A\u00e7\u0131klamada, &#8221;TBMM Darbeleri Ara\u015ft\u0131rma Komisyonu&#8217;nda, Hasan Celal G\u00fczel&#8217;in s\u00f6zlerine dayan\u0131larak, Deniz Baykal&#8217;\u0131n \u00c7evik Bir ile zaman zaman g\u00f6r\u00fc\u015ft\u00fc\u011f\u00fc, bu g\u00f6r\u00fc\u015fmelerin Antalya&#8217;da da yap\u0131ld\u0131\u011f\u0131n\u0131n iddia edildi\u011fi&#8221; belirtilerek, \u015fu ifadelere yer verildi:<\/p>\n<p>&#8221;TBMM Darbeleri Ara\u015ft\u0131rma Komisyonu&#8217;nda Say\u0131n Hasan Celal G\u00fczel&#8217;in &#8216;\u0130stihbaratlar\u0131m aras\u0131nda Baykal&#8217;\u0131n s\u0131k s\u0131k \u00c7evik Bir ile g\u00f6r\u00fc\u015ft\u00fc\u011f\u00fc de var. Antalya&#8217;da nas\u0131l g\u00f6r\u00fc\u015ft\u00fcklerini biliyorum&#8217; dedi\u011fi bug\u00fcnk\u00fc baz\u0131 gazetelerde haber olarak yer alm\u0131\u015ft\u0131r. Bu iddian\u0131n ger\u00e7eklerle hi\u00e7bir ili\u015fkisi yoktur. Ne Antalya&#8217;da ne de T\u00fcrkiye&#8217;nin yada d\u00fcnyan\u0131n herhangi bir yerinde Deniz Baykal, Say\u0131n \u00c7evik Bir ile hi\u00e7bir \u00f6zel g\u00f6r\u00fc\u015fme yapmam\u0131\u015ft\u0131r, bir araya gelmemi\u015ftir. Bu a\u00e7\u0131klaman\u0131n yap\u0131lmas\u0131, kamuoyunun do\u011fru bilgilendirilmesi i\u00e7in gerekli olmu\u015ftur.&#8221;<\/p>\n","protected":false},"excerpt":{"rendered":"<p>CHP eski Genel Ba\u015fkan\u0131 ve Antalya Milletvekili Deniz Baykal, \u00c7evik Bir ile s\u0131k s\u0131k g\u00f6r\u00fc\u015ft\u00fc\u011f\u00fc y\u00f6n\u00fcndeki Hasan Celal G\u00fczel&#8217;in iddialar\u0131 hakk\u0131nda a\u00e7\u0131klama yapt\u0131.<\/p>\n","protected":false},"author":4,"featured_media":181789,"comment_status":"open","ping_status":"open","sticky":false,"template":"","format":"standard","meta":{"_acf_changed":false,"footnotes":""},"categories":[6155],"tags":[730,59661,5063,114572,6871,111856],"class_list":["post-121356","post","type-post","status-publish","format-standard","has-post-thumbnail","hentry","category-gundem","tag-antalya","tag-cevik-bir","tag-deniz-baykal","tag-hasan-celal-guzel","tag-tbmm","tag-tbmm-darbeleri-arastirma-komisyonu"],"acf":[],"_links":{"self":[{"href":"https:\/\/www.nationalturk.com\/tr\/wp-json\/wp\/v2\/posts\/121356","targetHints":{"allow":["GET"]}}],"collection":[{"href":"https:\/\/www.nationalturk.com\/tr\/wp-json\/wp\/v2\/posts"}],"about":[{"href":"https:\/\/www.nationalturk.com\/tr\/wp-json\/wp\/v2\/types\/post"}],"author":[{"embeddable":true,"href":"https:\/\/www.nationalturk.com\/tr\/wp-json\/wp\/v2\/users\/4"}],"replies":[{"embeddable":true,"href":"https:\/\/www.nationalturk.com\/tr\/wp-json\/wp\/v2\/comments?post=121356"}],"version-history":[{"count":0,"href":"https:\/\/www.nationalturk.com\/tr\/wp-json\/wp\/v2\/posts\/121356\/revisions"}],"wp:featuredmedia":[{"embeddable":true,"href":"https:\/\/www.nationalturk.com\/tr\/wp-json\/wp\/v2\/media\/181789"}],"wp:attachment":[{"href":"https:\/\/www.nationalturk.com\/tr\/wp-json\/wp\/v2\/media?parent=121356"}],"wp:term":[{"taxonomy":"category","embeddable":true,"href":"https:\/\/www.nationalturk.com\/tr\/wp-json\/wp\/v2\/categories?post=121356"},{"taxonomy":"post_tag","embeddable":true,"href":"https:\/\/www.nationalturk.com\/tr\/wp-json\/wp\/v2\/tags?post=121356"}],"curies":[{"name":"wp","href":"https:\/\/api.w.org\/{rel}","templated":true}]}}