{"id":12181,"date":"2009-12-29T13:22:28","date_gmt":"2009-12-29T11:22:28","guid":{"rendered":"http:\/\/www.nationalturk.com\/?p=12181"},"modified":"2009-12-29T13:22:28","modified_gmt":"2009-12-29T11:22:28","slug":"ramazan-ozcan-besiktas","status":"publish","type":"post","link":"https:\/\/www.nationalturk.com\/tr\/ramazan-ozcan-besiktas\/","title":{"rendered":"Ramazan \u00d6zcan Be\u015fikta\u015f&#8217;ta"},"content":{"rendered":"<p><strong><img loading=\"lazy\" decoding=\"async\" class=\"alignleft size-medium wp-image-12182\" title=\"Ramazan \u00d6zcan\" src=\"http:\/\/www.nationalturk.com\/tr\/wp-content\/uploads\/2009\/12\/ramazannn_ozcan-280x162.jpg\" alt=\"Ramazan \u00d6zcan\" width=\"219\" height=\"220\" srcset=\"https:\/\/www.nationalturk.com\/tr\/wp-content\/uploads\/2009\/12\/ramazannn_ozcan-280x162.jpg 219w, https:\/\/www.nationalturk.com\/tr\/wp-content\/uploads\/2009\/12\/ramazannn_ozcan-50x50.jpg 50w, https:\/\/www.nationalturk.com\/tr\/wp-content\/uploads\/2009\/12\/ramazannn_ozcan.jpg 270w\" sizes=\"auto, (max-width: 219px) 100vw, 219px\" \/>R\u00fc\u015ft\u00fc ve Hakan Ar\u0131kan&#8217;\u0131n sakatl\u0131klar\u0131 nedeniyle kaleci aray\u0131\u015flar\u0131n\u0131 s\u00fcrd\u00fcren Be\u015fikta\u015f, Almanya&#8217;n\u0131n Hoffenheim tak\u0131m\u0131n\u0131n T\u00fcrk as\u0131ll\u0131 kalecisi Ramazan \u00d6zcan&#8217;\u0131 kiral\u0131k olarak sezon sonuna kadar kadrosuna katt\u0131.<\/strong><\/p>\n<p>T\u00fcrk as\u0131ll\u0131 26 ya\u015f\u0131ndaki kaleci Ramazan, ge\u00e7ti\u011fimiz sezon ba\u015far\u0131l\u0131 olan Hoffenheim&#8217;da 7 ma\u00e7ta ilk onbirde sahaya \u00e7\u0131km\u0131\u015ft\u0131.<\/p>\n<p>Ramazan, ayn\u0131 zamanda Avusturya milli tak\u0131m\u0131n\u0131n da formas\u0131n\u0131 giyiyor. \u00d6zcan bu sezon ise hen\u00fcz Bundesliga&#8217;da forma \u015fans\u0131 bulmu\u015f de\u011fil.<\/p>\n<p>Be\u015fikta\u015f kul\u00fcb\u00fc, Ramazan ile g\u00f6r\u00fc\u015fmelerin ba\u015flad\u0131\u011f\u0131n\u0131 borsaya da bildirdi.<\/p>\n","protected":false},"excerpt":{"rendered":"<p>Ramazan \u00d6zcan Be\u015fikta\u015f&#8217;ta<\/p>\n","protected":false},"author":4,"featured_media":193239,"comment_status":"open","ping_status":"open","sticky":false,"template":"","format":"standard","meta":{"_acf_changed":false,"footnotes":""},"categories":[6774,349,6194],"tags":[12794,12791,12793,12792],"class_list":["post-12181","post","type-post","status-publish","format-standard","has-post-thumbnail","hentry","category-futbol","category-son-dakika","category-spor","tag-besiktas-ramazan-ozcan","tag-ramazan-ozcan","tag-ramazan-ozcan-besiktas","tag-ramazan-ozcan-kimdir"],"acf":[],"_links":{"self":[{"href":"https:\/\/www.nationalturk.com\/tr\/wp-json\/wp\/v2\/posts\/12181","targetHints":{"allow":["GET"]}}],"collection":[{"href":"https:\/\/www.nationalturk.com\/tr\/wp-json\/wp\/v2\/posts"}],"about":[{"href":"https:\/\/www.nationalturk.com\/tr\/wp-json\/wp\/v2\/types\/post"}],"author":[{"embeddable":true,"href":"https:\/\/www.nationalturk.com\/tr\/wp-json\/wp\/v2\/users\/4"}],"replies":[{"embeddable":true,"href":"https:\/\/www.nationalturk.com\/tr\/wp-json\/wp\/v2\/comments?post=12181"}],"version-history":[{"count":0,"href":"https:\/\/www.nationalturk.com\/tr\/wp-json\/wp\/v2\/posts\/12181\/revisions"}],"wp:featuredmedia":[{"embeddable":true,"href":"https:\/\/www.nationalturk.com\/tr\/wp-json\/wp\/v2\/media\/193239"}],"wp:attachment":[{"href":"https:\/\/www.nationalturk.com\/tr\/wp-json\/wp\/v2\/media?parent=12181"}],"wp:term":[{"taxonomy":"category","embeddable":true,"href":"https:\/\/www.nationalturk.com\/tr\/wp-json\/wp\/v2\/categories?post=12181"},{"taxonomy":"post_tag","embeddable":true,"href":"https:\/\/www.nationalturk.com\/tr\/wp-json\/wp\/v2\/tags?post=12181"}],"curies":[{"name":"wp","href":"https:\/\/api.w.org\/{rel}","templated":true}]}}