{"id":121868,"date":"2012-11-07T21:21:05","date_gmt":"2012-11-07T19:21:05","guid":{"rendered":"http:\/\/www.nationalturk.com\/?p=121868"},"modified":"2012-11-07T21:21:05","modified_gmt":"2012-11-07T19:21:05","slug":"gul-yok-uyeligi-hatiboglu-121868","status":"publish","type":"post","link":"https:\/\/www.nationalturk.com\/tr\/gul-yok-uyeligi-hatiboglu-121868\/","title":{"rendered":"G\u00fcl, Y\u00d6K \u00fcyeli\u011fine Hatibo\u011flu&#8217;nun se\u00e7imini onaylad\u0131"},"content":{"rendered":"<h1><a href=\"http:\/\/www.nationalturk.com\/tr\/wp-content\/uploads\/2012\/11\/abdullah-gul-ibrahim-hatipoglu.jpg\"><img loading=\"lazy\" decoding=\"async\" class=\"alignleft size-medium wp-image-121869\" title=\"G\u00fcl, Y\u00d6K \u00fcyeli\u011fine Hatibo\u011flu&#039;nun se\u00e7imini onaylad\u0131\" src=\"http:\/\/www.nationalturk.com\/tr\/wp-content\/uploads\/2012\/11\/abdullah-gul-ibrahim-hatipoglu-280x210.jpg\" alt=\"\" width=\"280\" height=\"210\" srcset=\"https:\/\/www.nationalturk.com\/tr\/wp-content\/uploads\/2012\/11\/abdullah-gul-ibrahim-hatipoglu-280x210.jpg 280w, https:\/\/www.nationalturk.com\/tr\/wp-content\/uploads\/2012\/11\/abdullah-gul-ibrahim-hatipoglu.jpg 400w\" sizes=\"auto, (max-width: 280px) 100vw, 280px\" \/><\/a>Cumhurba\u015fkan\u0131 Abdullah G\u00fcl, Prof. Dr. \u0130brahim Hatibo\u011flu&#8217;nun Y\u00fcksek\u00f6\u011fretim Kurulu (Y\u00d6K) \u00fcyeli\u011fine Bakanlar Kurulu&#8217;nca yap\u0131lan se\u00e7imini onaylad\u0131.<\/h1>\n<p>Cumhurba\u015fkanl\u0131\u011f\u0131 Bas\u0131n Merkezi&#8217;nden yap\u0131lan a\u00e7\u0131klamada G\u00fcl&#8217;\u00fcn, Y\u00d6K \u00fcyeli\u011fine Yalova \u00dcniversitesi \u0130lahiyat Fak\u00fcltesi \u00d6\u011fretim \u00dcyesi Prof. Dr. \u0130brahim Hatibo\u011flu&#8217;nun Bakanlar Kurulu&#8217;nca yap\u0131lan se\u00e7imini, 2547 say\u0131l\u0131 Y\u00fcksek\u00f6\u011fretim Kanunu&#8217;nun ilgili maddesi gere\u011fince onaylad\u0131\u011f\u0131 bildirildi.<\/p>\n<!-- Error, Advert is not available at this time due to schedule\/geolocation restrictions! -->\n","protected":false},"excerpt":{"rendered":"<p>Cumhurba\u015fkan\u0131 Abdullah G\u00fcl, Prof. Dr. \u0130brahim Hatibo\u011flu&#8217;nun Y\u00fcksek\u00f6\u011fretim Kurulu \u00fcyeli\u011fine Bakanlar Kurulu&#8217;nca yap\u0131lan se\u00e7imini onaylad\u0131.<\/p>\n","protected":false},"author":3,"featured_media":181699,"comment_status":"open","ping_status":"open","sticky":false,"template":"","format":"standard","meta":{"_acf_changed":false,"footnotes":""},"categories":[6663,6155,5005,6805],"tags":[4343,72055,115124],"class_list":["post-121868","post","type-post","status-publish","format-standard","has-post-thumbnail","hentry","category-egitim","category-gundem","category-manset","category-turkiye","tag-abdullah-gul","tag-gul","tag-yok-uyeligi"],"acf":[],"_links":{"self":[{"href":"https:\/\/www.nationalturk.com\/tr\/wp-json\/wp\/v2\/posts\/121868","targetHints":{"allow":["GET"]}}],"collection":[{"href":"https:\/\/www.nationalturk.com\/tr\/wp-json\/wp\/v2\/posts"}],"about":[{"href":"https:\/\/www.nationalturk.com\/tr\/wp-json\/wp\/v2\/types\/post"}],"author":[{"embeddable":true,"href":"https:\/\/www.nationalturk.com\/tr\/wp-json\/wp\/v2\/users\/3"}],"replies":[{"embeddable":true,"href":"https:\/\/www.nationalturk.com\/tr\/wp-json\/wp\/v2\/comments?post=121868"}],"version-history":[{"count":0,"href":"https:\/\/www.nationalturk.com\/tr\/wp-json\/wp\/v2\/posts\/121868\/revisions"}],"wp:featuredmedia":[{"embeddable":true,"href":"https:\/\/www.nationalturk.com\/tr\/wp-json\/wp\/v2\/media\/181699"}],"wp:attachment":[{"href":"https:\/\/www.nationalturk.com\/tr\/wp-json\/wp\/v2\/media?parent=121868"}],"wp:term":[{"taxonomy":"category","embeddable":true,"href":"https:\/\/www.nationalturk.com\/tr\/wp-json\/wp\/v2\/categories?post=121868"},{"taxonomy":"post_tag","embeddable":true,"href":"https:\/\/www.nationalturk.com\/tr\/wp-json\/wp\/v2\/tags?post=121868"}],"curies":[{"name":"wp","href":"https:\/\/api.w.org\/{rel}","templated":true}]}}