{"id":122239,"date":"2012-11-12T17:53:59","date_gmt":"2012-11-12T15:53:59","guid":{"rendered":"http:\/\/www.nationalturk.com\/?p=122239"},"modified":"2012-11-12T17:53:59","modified_gmt":"2012-11-12T15:53:59","slug":"turk-savas-ucaklari-suriye-sinirinda-122239","status":"publish","type":"post","link":"https:\/\/www.nationalturk.com\/tr\/turk-savas-ucaklari-suriye-sinirinda-122239\/","title":{"rendered":"T\u00fcrk sava\u015f u\u00e7aklar\u0131 Suriye s\u0131n\u0131r\u0131nda"},"content":{"rendered":"<h1><img loading=\"lazy\" decoding=\"async\" class=\"alignleft size-medium wp-image-122241\" title=\"Suriye s\u0131n\u0131r\u0131\" src=\"http:\/\/www.nationalturk.com\/tr\/wp-content\/uploads\/2012\/11\/suriye_siniri_-280x185.jpg\" alt=\"\" width=\"280\" height=\"185\" srcset=\"https:\/\/www.nationalturk.com\/tr\/wp-content\/uploads\/2012\/11\/suriye_siniri_-280x185.jpg 280w, https:\/\/www.nationalturk.com\/tr\/wp-content\/uploads\/2012\/11\/suriye_siniri_.jpg 500w\" sizes=\"auto, (max-width: 280px) 100vw, 280px\" \/>\u015eanl\u0131urfa&#8217;n\u0131n Ceylanp\u0131nar il\u00e7esinin kar\u015f\u0131s\u0131ndaki Rasulayn il\u00e7esinde \u00e7at\u0131\u015fmalar\u0131n \u015fiddetlenmesi ve T\u00fcrk taraf\u0131na mermiler d\u00fc\u015fmesi \u00fczerine T\u00fcrk sava\u015f u\u00e7aklar\u0131 s\u0131n\u0131rda ke\u015fif u\u00e7u\u015fu yapt\u0131.<\/h1>\n<p>Be\u015far Esad rejimine ba\u011fl\u0131 sava\u015f u\u00e7aklar\u0131 ve helikopterlerin, T\u00fcrkiye s\u0131n\u0131r\u0131na yak\u0131n muhalif g\u00fc\u00e7lerin ele ge\u00e7irdi\u011fi Rasulayn il\u00e7esini havadan bombalamas\u0131 \u00fczerine, Diyarbak\u0131r&#8217;dan havalanan \u00e7ok say\u0131da T\u00fcrk sava\u015f u\u00e7a\u011f\u0131, \u015eanl\u0131urfa s\u0131n\u0131r\u0131nda ke\u015fif u\u00e7u\u015fu yapt\u0131. Bug\u00fcn ak\u015fama do\u011fru \u015eanl\u0131urfa\u2019n\u0131n Suru\u00e7 il\u00e7esine ba\u011fl\u0131 M\u00fcr\u015fitp\u0131nar s\u0131n\u0131r\u0131 \u00fczerinde, 2 T\u00fcrk sava\u015f u\u00e7a\u011f\u0131, Kobani s\u0131n\u0131r\u0131 boyunca ke\u015fif ama\u00e7l\u0131 u\u00e7tu\u011fu \u00f6\u011frenildi. S\u0131n\u0131r hatt\u0131nda ke\u015fif yapan T\u00fcrk sava\u015f u\u00e7aklar\u0131n\u0131n, Suriye u\u00e7aklar\u0131n\u0131n muhtemel s\u0131n\u0131r ihlaline kar\u015f\u0131 tam m\u00fchimmatl\u0131 olarak havaland\u0131klar\u0131, s\u0131n\u0131r ihlali yap\u0131lmas\u0131 durumunda &#8216;vur&#8217; emri verildi\u011fi ileri s\u00fcr\u00fcld\u00fc.<\/p>\n<p>M\u00fcr\u015fitp\u0131nar s\u0131n\u0131r\u0131, ter\u00f6r \u00f6rg\u00fct\u00fc PKK\/PYD\u2019nin il\u00e7e y\u00f6netimini ele ge\u00e7irdi\u011fi Suriye\u2019nin Kobani (Ayn el-Arap) il\u00e7e s\u0131n\u0131r\u0131n\u0131n s\u0131f\u0131r noktas\u0131nda bulunuyor.<\/p>\n<!-- Error, Advert is not available at this time due to schedule\/geolocation restrictions! -->\n","protected":false},"excerpt":{"rendered":"<p>\u015eanl\u0131urfa&#8217;n\u0131n Ceylanp\u0131nar il\u00e7esinin kar\u015f\u0131s\u0131ndaki Rasulayn il\u00e7esinde \u00e7at\u0131\u015fmalar\u0131n \u015fiddetlenmesi ve T\u00fcrk taraf\u0131na mermiler d\u00fc\u015fmesi \u00fczerine T\u00fcrk sava\u015f u\u00e7aklar\u0131 s\u0131n\u0131rda ke\u015fif u\u00e7u\u015fu yapt\u0131.<\/p>\n","protected":false},"author":4,"featured_media":181639,"comment_status":"open","ping_status":"open","sticky":false,"template":"","format":"standard","meta":{"_acf_changed":false,"footnotes":""},"categories":[6155,5005,349,6805],"tags":[20932,115203,115209,1470,115205,115570,115206,1471,27382,115522,806,32862,26498],"class_list":["post-122239","post","type-post","status-publish","format-standard","has-post-thumbnail","hentry","category-gundem","category-manset","category-son-dakika","category-turkiye","tag-ceylanpinar","tag-ceylanpinar-catisma","tag-ceylanpinarda-catisma","tag-diyarbakir","tag-haseki-catismalar","tag-kobani","tag-resulayn-catisma","tag-sanliurfa","tag-son-dakika","tag-son-dakika-ceylanpinar","tag-suriye","tag-suriye-siniri","tag-turk-savas-ucaklari"],"acf":[],"_links":{"self":[{"href":"https:\/\/www.nationalturk.com\/tr\/wp-json\/wp\/v2\/posts\/122239","targetHints":{"allow":["GET"]}}],"collection":[{"href":"https:\/\/www.nationalturk.com\/tr\/wp-json\/wp\/v2\/posts"}],"about":[{"href":"https:\/\/www.nationalturk.com\/tr\/wp-json\/wp\/v2\/types\/post"}],"author":[{"embeddable":true,"href":"https:\/\/www.nationalturk.com\/tr\/wp-json\/wp\/v2\/users\/4"}],"replies":[{"embeddable":true,"href":"https:\/\/www.nationalturk.com\/tr\/wp-json\/wp\/v2\/comments?post=122239"}],"version-history":[{"count":0,"href":"https:\/\/www.nationalturk.com\/tr\/wp-json\/wp\/v2\/posts\/122239\/revisions"}],"wp:featuredmedia":[{"embeddable":true,"href":"https:\/\/www.nationalturk.com\/tr\/wp-json\/wp\/v2\/media\/181639"}],"wp:attachment":[{"href":"https:\/\/www.nationalturk.com\/tr\/wp-json\/wp\/v2\/media?parent=122239"}],"wp:term":[{"taxonomy":"category","embeddable":true,"href":"https:\/\/www.nationalturk.com\/tr\/wp-json\/wp\/v2\/categories?post=122239"},{"taxonomy":"post_tag","embeddable":true,"href":"https:\/\/www.nationalturk.com\/tr\/wp-json\/wp\/v2\/tags?post=122239"}],"curies":[{"name":"wp","href":"https:\/\/api.w.org\/{rel}","templated":true}]}}