{"id":122639,"date":"2012-11-17T16:56:09","date_gmt":"2012-11-17T14:56:09","guid":{"rendered":"http:\/\/www.nationalturk.com\/?p=122639"},"modified":"2012-11-17T16:56:09","modified_gmt":"2012-11-17T14:56:09","slug":"israil-hamas-liderinin-ofisini-vurdu-bir-komutan-daha-olduruldu-122639","status":"publish","type":"post","link":"https:\/\/www.nationalturk.com\/tr\/israil-hamas-liderinin-ofisini-vurdu-bir-komutan-daha-olduruldu-122639\/","title":{"rendered":"\u0130srail Hamas liderinin ofisini vurdu, bir komutan daha \u00f6ld\u00fcr\u00fcld\u00fc!"},"content":{"rendered":"<h1><img loading=\"lazy\" decoding=\"async\" class=\"alignleft size-medium wp-image-122640\" title=\"ISRAIL&#039;IN GAZZE SALDIRISI\" src=\"http:\/\/www.nationalturk.com\/tr\/wp-content\/uploads\/2012\/11\/israilgazze-280x184.jpg\" alt=\"\" width=\"280\" height=\"184\" srcset=\"https:\/\/www.nationalturk.com\/tr\/wp-content\/uploads\/2012\/11\/israilgazze-280x184.jpg 280w, https:\/\/www.nationalturk.com\/tr\/wp-content\/uploads\/2012\/11\/israilgazze-605x400.jpg 605w, https:\/\/www.nationalturk.com\/tr\/wp-content\/uploads\/2012\/11\/israilgazze.jpg 712w\" sizes=\"auto, (max-width: 280px) 100vw, 280px\" \/>\u0130srail&#8217;in Gazze&#8217;ye d\u00fczenledi\u011fi sald\u0131r\u0131lar devam ediyor. \u0130srail ordusu, Hamas liderlerinden S\u00fcleyman Salah&#8217;\u0131n ofisini vurdu. Bug\u00fcnk\u00fc sald\u0131r\u0131larda 7 Filistinli hayat\u0131n\u0131 kaybetti.<\/h1>\n<p>\u0130srail&#8217;in bu sabah Gazze&#8217;nin muhtelif b\u00f6lgelerine y\u00f6nelik d\u00fczenledi\u011fi hava sald\u0131r\u0131lar\u0131 sonucunda, 7 Filistinlinin \u00f6ld\u00fc\u011f\u00fc, biri \u00e7ocuk biri kad\u0131n 4 ki\u015finin de yaraland\u0131\u011f\u0131 bildirildi.<\/p>\n<p>\u0130srail&#8217;in, Hamas liderlerinden S\u00fcleyman Salah&#8217;\u0131n ofisine d\u00fczenledi\u011fi sald\u0131r\u0131da onlarca ki\u015finin yaraland\u0131\u011f\u0131 bildirildi. Sa\u011fl\u0131k Bakanl\u0131\u011f\u0131ndan yap\u0131lan a\u00e7\u0131klamada, sald\u0131r\u0131da hasar g\u00f6ren binan\u0131n enkaz\u0131ndan \u00e7o\u011fu \u00e7ocuk ve kad\u0131n 30 yaral\u0131n\u0131n \u00e7\u0131kar\u0131ld\u0131\u011f\u0131, hastaneye kald\u0131r\u0131lan yaral\u0131lardan 2 ki\u015finin durumunun a\u011f\u0131r oldu\u011fu belirtildi.<\/p>\n<p>G\u00fcvenlik kaynaklar\u0131, binan\u0131n \u0130srail ordusuna ait &#8220;F-16&#8221; sava\u015f u\u00e7aklar\u0131yla vuruldu\u011funu, sald\u0131r\u0131da binada ya\u015fayan Hamas liderlerinden S\u00fcleyman Salah&#8217;\u0131n hedef al\u0131nm\u0131\u015f olabilece\u011fini ifade etti. \u0130srail sava\u015f u\u00e7aklar\u0131n\u0131n ayr\u0131ca Gazze&#8217;nin merkezindeki bir ev ile k\u00fc\u00e7\u00fck bir mescidi hedef ald\u0131\u011f\u0131, sald\u0131r\u0131da iki ki\u015finin a\u011f\u0131r yaraland\u0131\u011f\u0131 kaydedildi.<\/p>\n<p>G\u00fcvenlik kaynaklar\u0131na g\u00f6re, \u0130srail sava\u015f u\u00e7aklar\u0131, Gazze&#8217;deki pasaport dairesine 4 f\u00fcze f\u0131rlat\u0131rken, M\u0131s\u0131r-Gazze s\u0131n\u0131r\u0131ndaki bo\u015f arazilere de \u00e7ok say\u0131da f\u00fcze f\u0131rlatt\u0131. G\u00fcvenlik kaynaklar\u0131 ayr\u0131ca \u0130srail u\u00e7aklar\u0131n\u0131n Han Yunus kentinin bat\u0131s\u0131nda seyir halindeki bir motosikleti hedef ald\u0131\u011f\u0131n\u0131 3 ki\u015finin a\u011f\u0131r yaraland\u0131\u011f\u0131n\u0131 duyurdu.<\/p>\n<p>Bu arada, Filistinli kaynaklara g\u00f6re, Hamas&#8217;\u0131n askeri kanad\u0131na mensup \u00fcst d\u00fczey komutan Ahmet Ebu Celal de hava sald\u0131r\u0131s\u0131nda \u00f6ld\u00fcr\u00fcld\u00fc. Sald\u0131r\u0131da, Ebu Celal&#8217;in iki karde\u015fi ve bir ki\u015fi daha hayat\u0131n\u0131 kaybetti.<\/p>\n<!-- Error, Advert is not available at this time due to schedule\/geolocation restrictions! -->\n","protected":false},"excerpt":{"rendered":"<p>\u0130srail&#8217;in Gazze&#8217;ye d\u00fczenledi\u011fi sald\u0131r\u0131lar devam ediyor. \u0130srail ordusu, Hamas liderlerinden S\u00fcleyman Salah&#8217;\u0131n ofisini vurdu. Bug\u00fcnk\u00fc sald\u0131r\u0131larda 7 Filistinli hayat\u0131n\u0131 kaybetti.<\/p>\n","protected":false},"author":4,"featured_media":181556,"comment_status":"open","ping_status":"open","sticky":false,"template":"","format":"standard","meta":{"_acf_changed":false,"footnotes":""},"categories":[6665,6155,5005,6772,6202,349],"tags":[6963,115895,19763,73118,6964,28275,81808,115885,115886,115887],"class_list":["post-122639","post","type-post","status-publish","format-standard","has-post-thumbnail","hentry","category-dunya","category-gundem","category-manset","category-ortadogu","category-politika","category-son-dakika","tag-gazze","tag-gazze-bombalaniyor","tag-gazze-saldiri","tag-gazze-saldirisi","tag-hamas","tag-israil-gazze","tag-israil-ucaklari","tag-israil-ucaklari-gazze","tag-israil-ucaklari-gazze-saldiri","tag-israil-ucaklari-saldiri"],"acf":[],"_links":{"self":[{"href":"https:\/\/www.nationalturk.com\/tr\/wp-json\/wp\/v2\/posts\/122639","targetHints":{"allow":["GET"]}}],"collection":[{"href":"https:\/\/www.nationalturk.com\/tr\/wp-json\/wp\/v2\/posts"}],"about":[{"href":"https:\/\/www.nationalturk.com\/tr\/wp-json\/wp\/v2\/types\/post"}],"author":[{"embeddable":true,"href":"https:\/\/www.nationalturk.com\/tr\/wp-json\/wp\/v2\/users\/4"}],"replies":[{"embeddable":true,"href":"https:\/\/www.nationalturk.com\/tr\/wp-json\/wp\/v2\/comments?post=122639"}],"version-history":[{"count":0,"href":"https:\/\/www.nationalturk.com\/tr\/wp-json\/wp\/v2\/posts\/122639\/revisions"}],"wp:featuredmedia":[{"embeddable":true,"href":"https:\/\/www.nationalturk.com\/tr\/wp-json\/wp\/v2\/media\/181556"}],"wp:attachment":[{"href":"https:\/\/www.nationalturk.com\/tr\/wp-json\/wp\/v2\/media?parent=122639"}],"wp:term":[{"taxonomy":"category","embeddable":true,"href":"https:\/\/www.nationalturk.com\/tr\/wp-json\/wp\/v2\/categories?post=122639"},{"taxonomy":"post_tag","embeddable":true,"href":"https:\/\/www.nationalturk.com\/tr\/wp-json\/wp\/v2\/tags?post=122639"}],"curies":[{"name":"wp","href":"https:\/\/api.w.org\/{rel}","templated":true}]}}