{"id":123019,"date":"2012-11-22T17:31:23","date_gmt":"2012-11-22T15:31:23","guid":{"rendered":"http:\/\/www.nationalturk.com\/?p=123019"},"modified":"2012-11-22T17:31:23","modified_gmt":"2012-11-22T15:31:23","slug":"kilicdaroglu-osym-baskanina-tazminat-odeyecek-123019","status":"publish","type":"post","link":"https:\/\/www.nationalturk.com\/tr\/kilicdaroglu-osym-baskanina-tazminat-odeyecek-123019\/","title":{"rendered":"K\u0131l\u0131\u00e7daro\u011flu \u00d6SYM Ba\u015fkan\u0131na tazminat \u00f6deyecek"},"content":{"rendered":"<h1><img loading=\"lazy\" decoding=\"async\" class=\"alignleft size-medium wp-image-123021\" title=\"Kemal K\u0131l\u0131\u00e7daro\u011flu\" src=\"http:\/\/www.nationalturk.com\/tr\/wp-content\/uploads\/2012\/11\/kilicdaroglu__acikalmaa-280x210.jpg\" alt=\"\" width=\"280\" height=\"210\" srcset=\"https:\/\/www.nationalturk.com\/tr\/wp-content\/uploads\/2012\/11\/kilicdaroglu__acikalmaa-280x210.jpg 280w, https:\/\/www.nationalturk.com\/tr\/wp-content\/uploads\/2012\/11\/kilicdaroglu__acikalmaa.jpg 500w\" sizes=\"auto, (max-width: 280px) 100vw, 280px\" \/>CHP Genel Ba\u015fkan\u0131 Kemal K\u0131l\u0131\u00e7daro\u011flu \u00d6SYM Ba\u015fkan\u0131 Ali Demir&#8217;e hakaret etti\u011fi gerek\u00e7esiyle a\u00e7\u0131lan davada 4 bin TL tazminat \u00f6demeye mahkum edildi.<\/h1>\n<p>\u00d6SYM Ba\u015fkan\u0131 Ali Demir, Kemal K\u0131l\u0131\u00e7daro\u011flu aleyhine 12 Haziran 2011 se\u00e7imleri i\u00e7in gitti\u011fi de\u011fi\u015fik illerdeki miting ve programlarda kendisini hedef alarak ki\u015filik haklar\u0131n\u0131 zedeler mahiyette fiil ve s\u00f6zleri nedeniyle K\u0131l\u0131\u00e7daro\u011flu hakk\u0131nda 100 bin liral\u0131k manevi tazminat talebinde bulunmu\u015ftu.<\/p>\n<p>Konuyla ilgili dava, Kad\u0131k\u00f6y 2. Asliye Hukuk Mahkemesi&#8217;nde g\u00f6r\u00fcld\u00fc. Mahkeme, CHP\u2019nin miting ve se\u00e7im programlar\u0131n\u0131n g\u00f6r\u00fcnt\u00fc CD&#8217;lerini isteyerek de\u015fifresini yapt\u0131rd\u0131. Mahkeme, Kemal Kl\u0131\u00e7daro\u011flu\u2019nun \u00d6SYM Ba\u015fkan\u0131 Ali Demir\u2019in ki\u015fisel haklar\u0131na sald\u0131r\u0131 yapt\u0131\u011f\u0131n\u0131 k\u0131smen tespit etti. Davan\u0131n son duru\u015fmas\u0131nda Kemal K\u0131l\u0131\u00e7daro\u011flu, \u00d6SYM Ba\u015fkan\u0131 Demir&#8217;e 4 bin TL tazminat \u00f6demeye mahkum oldu.<\/p>\n<!-- Error, Advert is not available at this time due to schedule\/geolocation restrictions! -->\n","protected":false},"excerpt":{"rendered":"<p>CHP Genel Ba\u015fkan\u0131 Kemal K\u0131l\u0131\u00e7daro\u011flu \u00d6SYM Ba\u015fkan\u0131 Ali Demir&#8217;e hakaret etti\u011fi gerek\u00e7esiyle a\u00e7\u0131lan davada 4 bin TL tazminat \u00f6demeye mahkum edildi.<\/p>\n","protected":false},"author":4,"featured_media":181483,"comment_status":"open","ping_status":"open","sticky":false,"template":"","format":"standard","meta":{"_acf_changed":false,"footnotes":""},"categories":[6155,6202,6805],"tags":[67250,37268,12248],"class_list":["post-123019","post","type-post","status-publish","format-standard","has-post-thumbnail","hentry","category-gundem","category-politika","category-turkiye","tag-ali-demir","tag-kemal-kilicdaroglu-tazminat","tag-osym"],"acf":[],"_links":{"self":[{"href":"https:\/\/www.nationalturk.com\/tr\/wp-json\/wp\/v2\/posts\/123019","targetHints":{"allow":["GET"]}}],"collection":[{"href":"https:\/\/www.nationalturk.com\/tr\/wp-json\/wp\/v2\/posts"}],"about":[{"href":"https:\/\/www.nationalturk.com\/tr\/wp-json\/wp\/v2\/types\/post"}],"author":[{"embeddable":true,"href":"https:\/\/www.nationalturk.com\/tr\/wp-json\/wp\/v2\/users\/4"}],"replies":[{"embeddable":true,"href":"https:\/\/www.nationalturk.com\/tr\/wp-json\/wp\/v2\/comments?post=123019"}],"version-history":[{"count":0,"href":"https:\/\/www.nationalturk.com\/tr\/wp-json\/wp\/v2\/posts\/123019\/revisions"}],"wp:featuredmedia":[{"embeddable":true,"href":"https:\/\/www.nationalturk.com\/tr\/wp-json\/wp\/v2\/media\/181483"}],"wp:attachment":[{"href":"https:\/\/www.nationalturk.com\/tr\/wp-json\/wp\/v2\/media?parent=123019"}],"wp:term":[{"taxonomy":"category","embeddable":true,"href":"https:\/\/www.nationalturk.com\/tr\/wp-json\/wp\/v2\/categories?post=123019"},{"taxonomy":"post_tag","embeddable":true,"href":"https:\/\/www.nationalturk.com\/tr\/wp-json\/wp\/v2\/tags?post=123019"}],"curies":[{"name":"wp","href":"https:\/\/api.w.org\/{rel}","templated":true}]}}