{"id":123090,"date":"2012-11-23T13:54:57","date_gmt":"2012-11-23T11:54:57","guid":{"rendered":"http:\/\/www.nationalturk.com\/?p=123090"},"modified":"2012-11-23T13:54:57","modified_gmt":"2012-11-23T11:54:57","slug":"oynatilmayan-quaresmanin-parasi-da-odenmiyor-besiktas-haberleri-123090","status":"publish","type":"post","link":"https:\/\/www.nationalturk.com\/tr\/oynatilmayan-quaresmanin-parasi-da-odenmiyor-besiktas-haberleri-123090\/","title":{"rendered":"Oynat\u0131lmayan Quaresma&#8217;n\u0131n paras\u0131 da \u00f6denmiyor! \/ Be\u015fikta\u015f Haberleri"},"content":{"rendered":"<h1><img loading=\"lazy\" decoding=\"async\" class=\"alignleft size-medium wp-image-123095\" title=\"Quaresma\" src=\"http:\/\/www.nationalturk.com\/tr\/wp-content\/uploads\/2012\/11\/quaresma_basin_toplantisi-280x145.jpg\" alt=\"\" width=\"280\" height=\"145\" srcset=\"https:\/\/www.nationalturk.com\/tr\/wp-content\/uploads\/2012\/11\/quaresma_basin_toplantisi-280x145.jpg 280w, https:\/\/www.nationalturk.com\/tr\/wp-content\/uploads\/2012\/11\/quaresma_basin_toplantisi.jpeg 566w\" sizes=\"auto, (max-width: 280px) 100vw, 280px\" \/>Be\u015fikta\u015f&#8217;\u0131n hem satamad\u0131\u011f\u0131, hem de kadro d\u0131\u015f\u0131 b\u0131rakarak oynatmad\u0131\u011f\u0131 d\u00fcnya y\u0131ld\u0131z\u0131 Ricardo Quaresma&#8217;ya paras\u0131n\u0131 da ge\u00e7 \u00f6dedi\u011fi ortaya \u00e7\u0131kt\u0131.<\/h1>\n<p>Habert\u00fcrk&#8217;\u00fcn haberine g\u00f6re Ricardo\u00a0Quaresma a\u011fustos ay\u0131n\u0131n 375 bin Euro\u2019luk \u00fccreti \u00f6denmedi\u011fi gerek\u00e7esiyle kul\u00fcbe ihtar \u00e7ekti. Y\u00f6netimin de daha \u00f6nceki baz\u0131 \u00f6demelerinde oldu\u011fu gibi \u00f6deme g\u00fcn\u00fcn\u00fcn \u00fczerinden 70 g\u00fcn ge\u00e7mesini bekledi\u011fi \u00f6\u011frenildi.<\/p>\n<p>Bir anlamda \u00fccretini ge\u00e7 \u00f6deyerek y\u0131ld\u0131rma politikas\u0131na devam eden Siyah-Beyazl\u0131lar\u2019\u0131n 15 g\u00fcn g\u00fcn i\u00e7erisinde 375 bin Euro\u2019luk taksidi Quaresma\u2019n\u0131n hesab\u0131na yat\u0131raca\u011f\u0131 belirtildi. E\u011fer y\u00f6netim bu 15 g\u00fcnl\u00fck s\u00fcre zarf\u0131nda \u00f6deme yapmazsa Q7\u2019nin dava a\u00e7ma ve bu durumda da mukavelesine ba\u011fl\u0131 olarak t\u00fcm paray\u0131 faiziyle alma hakk\u0131n\u0131n oldu\u011fu ifade edildi.<\/p>\n<!-- Error, Advert is not available at this time due to schedule\/geolocation restrictions! -->\n","protected":false},"excerpt":{"rendered":"<p>Be\u015fikta\u015f&#8217;\u0131n hem satamad\u0131\u011f\u0131, hem de kadro d\u0131\u015f\u0131 b\u0131rakarak oynatmad\u0131\u011f\u0131 d\u00fcnya y\u0131ld\u0131z\u0131 Ricardo Quaresma&#8217;ya paras\u0131n\u0131 da ge\u00e7 \u00f6dedi\u011fi ortaya \u00e7\u0131kt\u0131.<\/p>\n","protected":false},"author":4,"featured_media":181470,"comment_status":"open","ping_status":"open","sticky":false,"template":"","format":"standard","meta":{"_acf_changed":false,"footnotes":""},"categories":[6774,6194],"tags":[1748,23661,23662],"class_list":["post-123090","post","type-post","status-publish","format-standard","has-post-thumbnail","hentry","category-futbol","category-spor","tag-besiktas","tag-besiktas-quaresma","tag-quaresma-besiktas"],"acf":[],"_links":{"self":[{"href":"https:\/\/www.nationalturk.com\/tr\/wp-json\/wp\/v2\/posts\/123090","targetHints":{"allow":["GET"]}}],"collection":[{"href":"https:\/\/www.nationalturk.com\/tr\/wp-json\/wp\/v2\/posts"}],"about":[{"href":"https:\/\/www.nationalturk.com\/tr\/wp-json\/wp\/v2\/types\/post"}],"author":[{"embeddable":true,"href":"https:\/\/www.nationalturk.com\/tr\/wp-json\/wp\/v2\/users\/4"}],"replies":[{"embeddable":true,"href":"https:\/\/www.nationalturk.com\/tr\/wp-json\/wp\/v2\/comments?post=123090"}],"version-history":[{"count":0,"href":"https:\/\/www.nationalturk.com\/tr\/wp-json\/wp\/v2\/posts\/123090\/revisions"}],"wp:featuredmedia":[{"embeddable":true,"href":"https:\/\/www.nationalturk.com\/tr\/wp-json\/wp\/v2\/media\/181470"}],"wp:attachment":[{"href":"https:\/\/www.nationalturk.com\/tr\/wp-json\/wp\/v2\/media?parent=123090"}],"wp:term":[{"taxonomy":"category","embeddable":true,"href":"https:\/\/www.nationalturk.com\/tr\/wp-json\/wp\/v2\/categories?post=123090"},{"taxonomy":"post_tag","embeddable":true,"href":"https:\/\/www.nationalturk.com\/tr\/wp-json\/wp\/v2\/tags?post=123090"}],"curies":[{"name":"wp","href":"https:\/\/api.w.org\/{rel}","templated":true}]}}