{"id":123218,"date":"2012-11-24T17:05:19","date_gmt":"2012-11-24T15:05:19","guid":{"rendered":"http:\/\/www.nationalturk.com\/?p=123218"},"modified":"2012-11-24T17:05:19","modified_gmt":"2012-11-24T15:05:19","slug":"prof-dr-turan-yazgan-topraga-verildi-123218","status":"publish","type":"post","link":"https:\/\/www.nationalturk.com\/tr\/prof-dr-turan-yazgan-topraga-verildi-123218\/","title":{"rendered":"Prof. Dr. Turan Yazgan topra\u011fa verildi"},"content":{"rendered":"<h1><img loading=\"lazy\" decoding=\"async\" class=\"alignnone size-full wp-image-123219\" title=\"Turan Yazgan Cenaze t\u00f6reni\" src=\"http:\/\/www.nationalturk.com\/tr\/wp-content\/uploads\/2012\/11\/turan_yazgan_cenaze.jpg\" alt=\"\" width=\"610\" height=\"386\"><\/h1>\n<h1>T\u00fcrk D\u00fcnyas\u0131 Ara\u015ft\u0131rmalar\u0131 Vakf\u0131 kurucusu Prof. Dr. Turan Yazgan cenaze t\u00f6reni sonras\u0131 topra\u011fa verildi. Cenaze t\u00f6renine eski ve yeni bir\u00e7ok siyaset\u00e7i kat\u0131ld\u0131.<\/h1>\n<p>Fatih Camii\u2019nde ikindi namaz\u0131n\u0131 m\u00fcteakiben k\u0131l\u0131nan cenaze namaz\u0131na Turan Yazgan &#8216;\u0131n ailesinin yan\u0131 s\u0131ra TBMM Ba\u015fkan\u0131 Cemil \u00c7i\u00e7ek, CHP Genel Ba\u015fkan\u0131 Kemal K\u0131l\u0131\u00e7daro\u011flu, MHP Genel Ba\u015fkan\u0131 Devlet Bah\u00e7eli, \u0130\u00e7i\u015fleri Bakan\u0131 \u0130dris Naim \u015eahin, G\u00fcmr\u00fck ve Ticaret Bakan\u0131 Hayati Yaz\u0131c\u0131, Orman ve Su \u0130\u015fleri Bakan\u0131 Veysel Ero\u011flu, AK Parti Genel Ba\u015fkan Yard\u0131mc\u0131s\u0131 Numan Kurtulmu\u015f, B\u00fcy\u00fck Birlik Partisi Genel Ba\u015fkan\u0131 Mustafa Destici, eski siyaset\u00e7ilerden Hasan Celal G\u00fczel, L\u00fctfullah Kayalar, sanat\u00e7\u0131 Orhan Gencebay ve \u00e7ok say\u0131da vatanda\u015f kat\u0131ld\u0131.<\/p>\n<p>Turan Yazgan cenaze namaz\u0131 sonras\u0131 Eski Kozlu Mezarl\u0131\u011f\u0131\u2019nda topra\u011fa verildi.<\/p>\n<p>Yazgan\u2019\u0131n fikirlerinden her zaman istifade etti\u011fini dile getiren sanat\u00e7\u0131 Orhan Gencebay &#8220;\u00dcstad\u0131m\u0131z\u0131, b\u00fcy\u00fck br insan\u0131 kaybettik. \u00dclkemize ve d\u00fcnyam\u0131za \u00e7ok eme\u011fi ge\u00e7mi\u015ftir. Allah gani gani raz\u0131 olsun, rahmet eylesin. B\u00fct\u00fcn g\u00f6r\u00fc\u015flerini takip etti\u011fim, yaz\u0131lar\u0131n\u0131 okudu\u011fum, her zaman sayg\u0131 duydu\u011fum, insan y\u00f6n\u00fc son derece g\u00fc\u00e7l\u00fc olan, herkesin \u00e7ok evdi\u011fi ve g\u00fczel de\u011ferleri misyon etmi\u015f bir insand\u0131. Tan\u0131\u015f\u0131kl\u0131\u011f\u0131m\u0131z vard\u0131. Son zamanlarda g\u00f6remedi\u011fim i\u00e7in \u00fczg\u00fcn\u00fcm. Onun fikirlerinden her zaman istifade ettik ve ediyoruz&#8221; ifadelerini kuland\u0131.<\/p>\n<!-- Error, Advert is not available at this time due to schedule\/geolocation restrictions! -->\n","protected":false},"excerpt":{"rendered":"<p>T\u00fcrk D\u00fcnyas\u0131 Ara\u015ft\u0131rmalar\u0131 Vakf\u0131 kurucusu Prof. Dr. Turan Yazgan cenaze t\u00f6reni sonras\u0131 topra\u011fa verildi. Cenaze t\u00f6renine eski ve yeni bir\u00e7ok siyaset\u00e7i kat\u0131ld\u0131.<\/p>\n","protected":false},"author":4,"featured_media":123219,"comment_status":"open","ping_status":"open","sticky":false,"template":"","format":"standard","meta":{"_acf_changed":false,"footnotes":""},"categories":[6155,5005,6202,349,6805],"tags":[6158,1080,8469,10829,83310,13395,116396,116397],"class_list":["post-123218","post","type-post","status-publish","format-standard","has-post-thumbnail","hentry","category-gundem","category-manset","category-politika","category-son-dakika","category-turkiye","tag-bbp","tag-cemil-cicek","tag-devlet-bahceli","tag-mhp","tag-mustafa-destici","tag-orhan-gencebay","tag-turan-yazgan","tag-turan-yazgan-kimdir"],"acf":[],"_links":{"self":[{"href":"https:\/\/www.nationalturk.com\/tr\/wp-json\/wp\/v2\/posts\/123218","targetHints":{"allow":["GET"]}}],"collection":[{"href":"https:\/\/www.nationalturk.com\/tr\/wp-json\/wp\/v2\/posts"}],"about":[{"href":"https:\/\/www.nationalturk.com\/tr\/wp-json\/wp\/v2\/types\/post"}],"author":[{"embeddable":true,"href":"https:\/\/www.nationalturk.com\/tr\/wp-json\/wp\/v2\/users\/4"}],"replies":[{"embeddable":true,"href":"https:\/\/www.nationalturk.com\/tr\/wp-json\/wp\/v2\/comments?post=123218"}],"version-history":[{"count":0,"href":"https:\/\/www.nationalturk.com\/tr\/wp-json\/wp\/v2\/posts\/123218\/revisions"}],"wp:featuredmedia":[{"embeddable":true,"href":"https:\/\/www.nationalturk.com\/tr\/wp-json\/wp\/v2\/media\/123219"}],"wp:attachment":[{"href":"https:\/\/www.nationalturk.com\/tr\/wp-json\/wp\/v2\/media?parent=123218"}],"wp:term":[{"taxonomy":"category","embeddable":true,"href":"https:\/\/www.nationalturk.com\/tr\/wp-json\/wp\/v2\/categories?post=123218"},{"taxonomy":"post_tag","embeddable":true,"href":"https:\/\/www.nationalturk.com\/tr\/wp-json\/wp\/v2\/tags?post=123218"}],"curies":[{"name":"wp","href":"https:\/\/api.w.org\/{rel}","templated":true}]}}