{"id":123462,"date":"2012-11-28T11:46:39","date_gmt":"2012-11-28T09:46:39","guid":{"rendered":"http:\/\/www.nationalturk.com\/?p=123462"},"modified":"2012-11-28T11:46:39","modified_gmt":"2012-11-28T09:46:39","slug":"bir-tartisilacak-uygulama-daha-ogrenciler-artik-saclarini-uzatabilecek-123462","status":"publish","type":"post","link":"https:\/\/www.nationalturk.com\/tr\/bir-tartisilacak-uygulama-daha-ogrenciler-artik-saclarini-uzatabilecek-123462\/","title":{"rendered":"Bir tart\u0131\u015f\u0131lacak uygulama daha! \u00d6\u011frenciler art\u0131k sa\u00e7lar\u0131n\u0131 uzatabilecek"},"content":{"rendered":"<h1><img loading=\"lazy\" decoding=\"async\" class=\"alignleft size-medium wp-image-123463\" title=\"\u00d6mer Din\u00e7er\" src=\"http:\/\/www.nationalturk.com\/tr\/wp-content\/uploads\/2012\/11\/omer___dincer-280x210.jpg\" alt=\"\" width=\"280\" height=\"210\" srcset=\"https:\/\/www.nationalturk.com\/tr\/wp-content\/uploads\/2012\/11\/omer___dincer-280x210.jpg 280w, https:\/\/www.nationalturk.com\/tr\/wp-content\/uploads\/2012\/11\/omer___dincer.jpg 400w\" sizes=\"auto, (max-width: 280px) 100vw, 280px\" \/>Okullarda k\u0131yafetin serbest b\u0131rak\u0131lmas\u0131n\u0131n ard\u0131ndan Milli E\u011fitim Bakan\u0131 \u00d6mer Din\u00e7er, temiz ve bak\u0131ml\u0131 olmak \u015fart\u0131yla \u00f6\u011frencilerin sa\u00e7lar\u0131n\u0131 da art\u0131k uzatabilece\u011fini a\u00e7\u0131klad\u0131.<\/h1>\n<p>Cihan Haber Ajans\u0131&#8217;na konu\u015fan Bakan \u00d6mer Din\u00e7er, &#8220;T\u00fcrkiye&#8217;de otoriter yap\u0131dan demokrasiye do\u011fru ilerleyen s\u00fcre\u00e7 i\u00e7erisinde biz de e\u011fitim sisteminde demokratikle\u015fme yapmaya \u00e7al\u0131\u015f\u0131yoruz. T\u00fcm d\u00fcnyada e\u011fitim sistemi giderek daha esnek hale geliyor. Daha \u00f6nce var olan arz odakl\u0131 e\u011fitim anlay\u0131\u015f\u0131ndan talep odakl\u0131 bir e\u011fitim anlay\u0131\u015f\u0131na do\u011fru evrimle\u015fme s\u00f6z konusu.\u00a0E\u011fitim sistemimizde buna paralel olarak esneklik sa\u011flamaya, biraz zenginle\u015ftirmeye, \u00e7e\u015fitlendirmeye \u00e7al\u0131\u015f\u0131yorduk hat\u0131rlarsan\u0131z. K\u0131yafetlerin serbestle\u015fmesi de bu iki geli\u015fmeyi peki\u015ftiren ve bunlara paralel bir geli\u015fme&#8221; diye konu\u015ftu.<\/p>\n<p>Din\u00e7er, bu yeni uygulamay\u0131 \u00e7ok \u00f6nemsedi\u011fini, \u00e7\u00fcnk\u00fc bu e\u011fitim sistemimizin daha demokratik ve esnek oldu\u011funa dair bir sembol\u00fc ortaya koyaca\u011f\u0131n\u0131 ifade etti.<\/p>\n<p>Din\u00e7er, &#8220;Siz temel de\u011ferler olarak demokratikle\u015fiyorken otoriter bir anlay\u0131\u015f\u0131 sembolize eden tek tip elbiseyi uygulamaya devam etti\u011finizde, bu birbiriyle \u00e7ok uyumlu g\u00f6r\u00fcnm\u00fcyordu.&#8221; diye konu\u015ftu.<br \/>\nUygulamada esas olan \u015fey \u00e7ocuklar\u0131n okula serbest k\u0131yafetle gelmesini sa\u011flamak oldu\u011funu kaydeden Din\u00e7er, &#8220;Tabi bunun d\u0131\u015f\u0131nda istisnalar var, bunlar\u0131 belirledik. Mesela lise \u00e7a\u011f\u0131ndaki \u00e7ocuklar\u0131m\u0131z sakal ve b\u0131y\u0131k b\u0131rakamayacak, k\u0131zlar\u0131m\u0131z makyaj yapamayacak. Zaten bunlar \u00f6nceki y\u00f6netmeliklerde de vard\u0131. Yine k\u0131zlar\u0131m\u0131z diz \u00fcst\u00fc veya derin y\u0131rtma\u00e7l\u0131 etek, v\u00fccut hatlar\u0131n\u0131 belli eden tayt veya \u015feffaf elbiseler giyemeyecekler.&#8221; dedi.<\/p>\n<p>Bunlar\u0131n d\u0131\u015f\u0131nda \u00f6\u011frencilerin serbest\u00e7e giyinebilece\u011fini belirten Milli E\u011fitim Bakan\u0131, bak\u0131ml\u0131 ve temiz olmak \u015fart\u0131yla \u00f6\u011frencilerin sa\u00e7lar\u0131n\u0131 uzatabilece\u011fini kaydetti.<\/p>\n<p>Bu konuda en \u00e7ok ele\u015ftiri yap\u0131lan noktan\u0131n zengin-fakir aras\u0131nda e\u015fitsizli\u011fi artt\u0131rmayacak m\u0131 konusu geldi\u011fini aktaran Din\u00e7er, bunun do\u011fru bir ele\u015ftiri olmad\u0131\u011f\u0131n\u0131 ve bu konunun birka\u00e7 boyutu bulundu\u011funu belirtti.<\/p>\n<p>Tek tip k\u0131yafetten bahsedildi\u011finde asl\u0131nda iki farkl\u0131 \u015feyden bahsedildi\u011fini ve bunlardan birinin \u00f6nl\u00fck oldu\u011funu s\u00f6yleyen Din\u00e7er s\u00f6zlerini \u015f\u00f6yle s\u00fcrd\u00fcrd\u00fc: &#8220;\u00d6nl\u00fck art\u0131k \u015fehirlerde \u00e7ok kullan\u0131lm\u0131yor. Daha \u00e7ok k\u0131rsal \u00e7evrelerde kullan\u0131l\u0131yor. Bu, o b\u00f6lgede veli i\u00e7in zaten maliyet demek. \u015eehir merkezlerinde ise daha \u00e7ok okul formas\u0131 var. Sizler de biliyorsunuz okul y\u00f6netimi belirli bir ma\u011fazayla belirli bir \u00fccret \u00fczerinden anla\u015f\u0131yor ve velileri oraya y\u00f6nlendiriyorlar. Bu da ciddi bir maliyeti beraberinde getiriyor. Halbuki \u00e7ocuklar g\u00fcnl\u00fck k\u0131yafetlerini giyip geldiklerinde bu maliyet olmayacak.&#8221;<\/p>\n<!-- Error, Advert is not available at this time due to schedule\/geolocation restrictions! -->\n","protected":false},"excerpt":{"rendered":"<p>Okullarda k\u0131yafetin serbest b\u0131rak\u0131lmas\u0131n\u0131n ard\u0131ndan Milli E\u011fitim Bakan\u0131 \u00d6mer Din\u00e7er, temiz ve bak\u0131ml\u0131 olmak \u015fart\u0131yla \u00f6\u011frencilerin sa\u00e7lar\u0131n\u0131 da art\u0131k uzatabilece\u011fini a\u00e7\u0131klad\u0131.<\/p>\n","protected":false},"author":4,"featured_media":181404,"comment_status":"open","ping_status":"open","sticky":false,"template":"","format":"standard","meta":{"_acf_changed":false,"footnotes":""},"categories":[6663,6155,5005,6202,6805],"tags":[10359,10528,102212,195938],"class_list":["post-123462","post","type-post","status-publish","format-standard","has-post-thumbnail","hentry","category-egitim","category-gundem","category-manset","category-politika","category-turkiye","tag-milli-egitim-bakanligi","tag-omer-dincer","tag-sac-uzatmak-serbest","tag-turkiye"],"acf":[],"_links":{"self":[{"href":"https:\/\/www.nationalturk.com\/tr\/wp-json\/wp\/v2\/posts\/123462","targetHints":{"allow":["GET"]}}],"collection":[{"href":"https:\/\/www.nationalturk.com\/tr\/wp-json\/wp\/v2\/posts"}],"about":[{"href":"https:\/\/www.nationalturk.com\/tr\/wp-json\/wp\/v2\/types\/post"}],"author":[{"embeddable":true,"href":"https:\/\/www.nationalturk.com\/tr\/wp-json\/wp\/v2\/users\/4"}],"replies":[{"embeddable":true,"href":"https:\/\/www.nationalturk.com\/tr\/wp-json\/wp\/v2\/comments?post=123462"}],"version-history":[{"count":0,"href":"https:\/\/www.nationalturk.com\/tr\/wp-json\/wp\/v2\/posts\/123462\/revisions"}],"wp:featuredmedia":[{"embeddable":true,"href":"https:\/\/www.nationalturk.com\/tr\/wp-json\/wp\/v2\/media\/181404"}],"wp:attachment":[{"href":"https:\/\/www.nationalturk.com\/tr\/wp-json\/wp\/v2\/media?parent=123462"}],"wp:term":[{"taxonomy":"category","embeddable":true,"href":"https:\/\/www.nationalturk.com\/tr\/wp-json\/wp\/v2\/categories?post=123462"},{"taxonomy":"post_tag","embeddable":true,"href":"https:\/\/www.nationalturk.com\/tr\/wp-json\/wp\/v2\/tags?post=123462"}],"curies":[{"name":"wp","href":"https:\/\/api.w.org\/{rel}","templated":true}]}}