{"id":123728,"date":"2012-12-04T11:48:43","date_gmt":"2012-12-04T09:48:43","guid":{"rendered":"http:\/\/www.nationalturk.com\/?p=123728"},"modified":"2012-12-04T11:58:17","modified_gmt":"2012-12-04T09:58:17","slug":"ingitere-kraliyet-ailesine-yeni-bebek-geliyor-prens-williamin-esi-duses-kate-middleton-hamile-123728","status":"publish","type":"post","link":"https:\/\/www.nationalturk.com\/tr\/ingitere-kraliyet-ailesine-yeni-bebek-geliyor-prens-williamin-esi-duses-kate-middleton-hamile-123728\/","title":{"rendered":"\u0130ngitere kraliyet ailesine yeni bebek geliyor Prens William&#8217;\u0131n e\u015fi D\u00fc\u015fes Kate Middleton hamile"},"content":{"rendered":"<h1><a href=\"http:\/\/www.nationalturk.com\/tr\/wp-content\/uploads\/2012\/12\/william-and-kate.jpg\"><img loading=\"lazy\" decoding=\"async\" class=\"alignnone size-full wp-image-123938\" title=\"william-and-kate\" src=\"http:\/\/www.nationalturk.com\/tr\/wp-content\/uploads\/2012\/12\/william-and-kate.jpg\" alt=\"\" width=\"610\" height=\"405\" srcset=\"https:\/\/www.nationalturk.com\/tr\/wp-content\/uploads\/2012\/12\/william-and-kate.jpg 610w, https:\/\/www.nationalturk.com\/tr\/wp-content\/uploads\/2012\/12\/william-and-kate-280x185.jpg 280w, https:\/\/www.nationalturk.com\/tr\/wp-content\/uploads\/2012\/12\/william-and-kate-602x400.jpg 602w\" sizes=\"auto, (max-width: 610px) 100vw, 610px\" \/><\/a><\/h1>\n<h1>St James saray\u0131 kraliyet \u00e7iftinin ilk bebeklerini bekledi\u011fini d\u00fcn ak\u015fam\u00fcst\u00fc duyurdu.<\/h1>\n<p>\u00c7iftin resmi konutu St. James&#8217;s Palace&#8217;dan yap\u0131lan a\u00e7\u0131klamada, Cambridge D\u00fc\u015fesi Kate&#8217;in King Edward VII Hastanesine, mide bulant\u0131s\u0131 nedeniyle kald\u0131r\u0131ld\u0131\u011f\u0131 ve birka\u00e7 g\u00fcn hastanede kalaca\u011f\u0131 kaydedildi.<\/p>\n<p>Kraliyet ailesi mensuplar\u0131n\u0131n haberden dolay\u0131 \u00e7ok mutlu olduklar\u0131 belirtilirken, \u00e7iftin ilk \u00e7ocu\u011funun cinsiyeti hen\u00fcz belli de\u011fil.<\/p>\n<p>Kate ile William&#8217;\u0131n ilk \u00e7ocu\u011funun k\u0131z olmas\u0131 halinde, kraliyet taht\u0131n\u0131n varisi olabilecek. \u0130ngiliz Milletler Toplulu\u011fu (Commonwealth) liderlerinin ge\u00e7en y\u0131l ald\u0131\u011f\u0131 kararla, kraliyet taht\u0131n\u0131n varisli\u011fi kanunlar\u0131nda de\u011fi\u015fikli\u011fe gidilmi\u015fti.<\/p>\n<p>Buna g\u00f6re, \u00e7iftin ilk \u00e7ocu\u011funun k\u0131z olmas\u0131 halinde, tahta \u00e7\u0131kabilecek. Ge\u00e7mi\u015fi 300 y\u0131l \u00f6nceye uzanan eski kanunlara g\u00f6re, kraliyet taht\u0131n\u0131n varisi, do\u011fan ilk erkek \u00e7ocuk oluyordu. Ancak erkek \u00e7ocu\u011fu olmayan, 6. George&#8217;un ard\u0131ndan tahta kral\u0131n en b\u00fcy\u00fck k\u0131z \u00e7ocu\u011fu olan \u015fimdiki \u0130ngiltere Krali\u00e7esi 2. Elizabeth \u00e7\u0131km\u0131\u015ft\u0131.<\/p>\n<p>Prens William ve Kate Middleton&#8217;\u0131n bebeklerinin olaca\u011f\u0131 a\u00e7\u0131kland\u0131. Daha \u00f6nce Cambridge D\u00fc\u015fesi Middleton\u2019\u0131n yak\u0131n arkada\u015f\u0131 Jessica Hay, bir dergiye verdi\u011fi r\u00f6portajda \u00e7iftin bebek beklediklerini a\u00e7\u0131klam\u0131\u015ft\u0131.<\/p>\n<p>Dergide yer alan haberde ayr\u0131ca, Kate Middleton\u2019\u0131n son zamanlarda ald\u0131\u011f\u0131 kilolara dikkat \u00e7ekilmi\u015fti.<\/p>\n<p>Prens William ve Kate Middleton, 2011\u2019in Nisan ay\u0131nda t\u00fcm d\u00fcnyan\u0131n izledi\u011fi g\u00f6rkemli bir t\u00f6renle evlenmi\u015fti. \u00c7ift daha \u00f6nce bas\u0131na verdi\u011fi r\u00f6portajlarda, k\u0131z ya da erkek far etmeksizin iki \u00e7ocuk istediklerini belirtmi\u015fti.<\/p>\n<p>\u0130kisi de 30 ya\u015f\u0131nda olan \u00e7iftin bebek planlar\u0131n\u0131, Krali\u00e7e 2.Elizabeth\u2019in Elmas J\u00fcbilesi ve Londra\u2019daki Olimpiyat oyunlar\u0131 nedeniyle bu zamana erteledi\u011fi iddia ediliyor.<\/p>\n<!-- Error, Advert is not available at this time due to schedule\/geolocation restrictions! -->\n","protected":false},"excerpt":{"rendered":"<p>St James saray\u0131 kraliyet \u00e7iftinin ilk bebeklerini bekledi\u011fini d\u00fcn ak\u015fam\u00fcst\u00fc duyurdu.<\/p>\n","protected":false},"author":761,"featured_media":123938,"comment_status":"open","ping_status":"open","sticky":false,"template":"","format":"standard","meta":{"_acf_changed":false,"footnotes":""},"categories":[6665,6155,6232,5005,1,349,67944],"tags":[837,117290,117293,117291,32926,110598,20389,20386,68622],"class_list":["post-123728","post","type-post","status-publish","format-standard","has-post-thumbnail","hentry","category-dunya","category-gundem","category-magazin","category-manset","category-nationalturk","category-son-dakika","category-yurtdisi-magazin-haberleri","tag-bebek","tag-cambridge-dusesi","tag-cambridge-dusesi-kate-hamile","tag-ingiliz-milletler-toplulugu","tag-ingiltere-kralicesi-2-elizabeth","tag-ingiltere-kraliyet-ailesi","tag-kate-middleton","tag-prens-william","tag-prens-william-ve-kate-middleton"],"acf":[],"_links":{"self":[{"href":"https:\/\/www.nationalturk.com\/tr\/wp-json\/wp\/v2\/posts\/123728","targetHints":{"allow":["GET"]}}],"collection":[{"href":"https:\/\/www.nationalturk.com\/tr\/wp-json\/wp\/v2\/posts"}],"about":[{"href":"https:\/\/www.nationalturk.com\/tr\/wp-json\/wp\/v2\/types\/post"}],"author":[{"embeddable":true,"href":"https:\/\/www.nationalturk.com\/tr\/wp-json\/wp\/v2\/users\/761"}],"replies":[{"embeddable":true,"href":"https:\/\/www.nationalturk.com\/tr\/wp-json\/wp\/v2\/comments?post=123728"}],"version-history":[{"count":0,"href":"https:\/\/www.nationalturk.com\/tr\/wp-json\/wp\/v2\/posts\/123728\/revisions"}],"wp:featuredmedia":[{"embeddable":true,"href":"https:\/\/www.nationalturk.com\/tr\/wp-json\/wp\/v2\/media\/123938"}],"wp:attachment":[{"href":"https:\/\/www.nationalturk.com\/tr\/wp-json\/wp\/v2\/media?parent=123728"}],"wp:term":[{"taxonomy":"category","embeddable":true,"href":"https:\/\/www.nationalturk.com\/tr\/wp-json\/wp\/v2\/categories?post=123728"},{"taxonomy":"post_tag","embeddable":true,"href":"https:\/\/www.nationalturk.com\/tr\/wp-json\/wp\/v2\/tags?post=123728"}],"curies":[{"name":"wp","href":"https:\/\/api.w.org\/{rel}","templated":true}]}}