{"id":123860,"date":"2012-12-03T14:31:14","date_gmt":"2012-12-03T12:31:14","guid":{"rendered":"http:\/\/www.nationalturk.com\/?p=123860"},"modified":"2012-12-03T14:31:14","modified_gmt":"2012-12-03T12:31:14","slug":"rusyadan-21-aralik-aciklamasi-123860","status":"publish","type":"post","link":"https:\/\/www.nationalturk.com\/tr\/rusyadan-21-aralik-aciklamasi-123860\/","title":{"rendered":"Rusya&#8217;dan 21 Aral\u0131k a\u00e7\u0131klamas\u0131"},"content":{"rendered":"<h1><img loading=\"lazy\" decoding=\"async\" class=\"alignleft size-medium wp-image-123861\" title=\"\" src=\"http:\/\/www.nationalturk.com\/tr\/wp-content\/uploads\/2012\/12\/21aralik-280x158.jpg\" alt=\"\" width=\"280\" height=\"158\" srcset=\"https:\/\/www.nationalturk.com\/tr\/wp-content\/uploads\/2012\/12\/21aralik-280x158.jpg 280w, https:\/\/www.nationalturk.com\/tr\/wp-content\/uploads\/2012\/12\/21aralik.jpg 500w\" sizes=\"auto, (max-width: 280px) 100vw, 280px\" \/>21 Aral\u0131k&#8217;ta k\u0131yamet kopaca\u011f\u0131 y\u00f6n\u00fcndeki iddialara Rusya&#8217;dan da resmi yalanlama geldi. Rusya Acil Durumlar Bakan\u0131 Vladimir Pu\u00e7kov, konuyla ilgili konu\u015ftu.<\/h1>\n<p>Eldeki verilerin, evrensel felaketlerin 10-15 milyon y\u0131lda bir oldu\u011funu g\u00f6sterdi\u011fini belirten Pu\u00e7kov, \u201cD\u00fcnya \u00fczerinde en son b\u00f6yle do\u011fal felaketleri birka\u00e7 y\u00fczy\u0131l \u00f6nce ger\u00e7ekle\u015fti. Yak\u0131n zamanlarda do\u011fa d\u00fczeninde de\u011fi\u015fimler beklenebilir ama bunlar kesinlikle global bir sorun olu\u015fturmayacakt\u0131r.\u201d \u015feklinde konu\u015ftu.<\/p>\n<p>Kar ya\u011f\u0131\u015f\u0131, buzlanma, su bask\u0131nlar\u0131 gibi do\u011fal felaketleri Rusya\u2019n\u0131n 24 saat izledi\u011fini a\u00e7\u0131klayan Rusya Acil Durumlar Bakan\u0131, \u201cMuhakkak ki, bunlar ilerde olacak \u015feyler ve bunlara haz\u0131rlanmal\u0131y\u0131z.\u201d dedi. Rus bakan, halk\u0131n do\u011fal olaylarla ilgili \u00f6neri, istek veya \u015fikayetlerini 7 g\u00fcn 24 saat boyunca bakanl\u0131\u011fa bildirebileceklerini de s\u00f6zlerine ekledi.<\/p>\n<p>Daha \u00f6nce de Rusya Halk Sa\u011fl\u0131\u011f\u0131 Dairesi Ba\u015fkan\u0131 Gennadi Oni\u015fenko, k\u0131yamet senaryolar\u0131yla ilgili iddialar\u0131n halk\u0131n psikolojik sa\u011fl\u0131\u011f\u0131n\u0131 olumsuz y\u00f6nde etkiledi\u011fini a\u00e7\u0131klam\u0131\u015ft\u0131. Oni\u015fenko, \u201c22 Aral\u0131k g\u00fcn\u00fc bu t\u00fcr dedikodular\u0131 ortaya atanlar, iddia ettikleri \u015feyleri ispatlamalar\u0131 gerekecek.\u201d tepkisini vermi\u015fti.<\/p>\n<p>Rusya parlamentosu alt kanad\u0131 Duma\u2019dan bir k\u0131s\u0131m milletvekilleri de k\u0131yamet haberleri ile ilgili harekete ge\u00e7ti. Muhalefet partisi LDPR\u2019den Mihail Degtyarev konuyu meslekta\u015flar\u0131 ile g\u00f6r\u00fc\u015ft\u00fcklerini, Rus televizyonlar\u0131na konu ile ilgili haberler konusunda duyarl\u0131 olmalar\u0131 i\u00e7in bir mektup yazd\u0131klar\u0131n\u0131 ifade etti.<\/p>\n<p>Maya tarihi 21 Aral\u0131k 2012 g\u00fcn\u00fcnde sona eriyor. Bir\u00e7ok insan bu tarihte d\u00fcnyan\u0131n sonu gelece\u011fine inan\u0131yor. K\u0131sa bir s\u00fcre \u00f6nce, bu durumdan faydalanmak isteyen baz\u0131 f\u0131rsat\u00e7\u0131lar \u201cK\u0131yamet G\u00fcn\u00fcnden\u201d korunmak isteyen m\u00fc\u015fterileri i\u00e7in yeralt\u0131 s\u0131\u011f\u0131naklar\u0131 ve k\u0131yamet malzemelerini internet \u00fczerinden sat\u0131\u015fa sunmu\u015ftu.<\/p>\n<!-- Error, Advert is not available at this time due to schedule\/geolocation restrictions! -->\n","protected":false},"excerpt":{"rendered":"<p>21 Aral\u0131k&#8217;ta k\u0131yamet kopaca\u011f\u0131 y\u00f6n\u00fcndeki iddialara Rusya&#8217;dan da resmi yalanlama geldi. Rusya Acil Durumlar Bakan\u0131 Vladimir Pu\u00e7kov, konuyla ilgili konu\u015ftu.<\/p>\n","protected":false},"author":4,"featured_media":181336,"comment_status":"open","ping_status":"open","sticky":false,"template":"","format":"standard","meta":{"_acf_changed":false,"footnotes":""},"categories":[6770,6665,6155,6662],"tags":[117042,117045,117043,117044,8627,8634,721],"class_list":["post-123860","post","type-post","status-publish","format-standard","has-post-thumbnail","hentry","category-avrupa","category-dunya","category-gundem","category-yasam","tag-21-aralik","tag-21-aralik-dunyanin-sonu","tag-21-aralik-kiyamet","tag-dunyanin-sonu","tag-kiyamet","tag-maya-takvimi","tag-rusya"],"acf":[],"_links":{"self":[{"href":"https:\/\/www.nationalturk.com\/tr\/wp-json\/wp\/v2\/posts\/123860","targetHints":{"allow":["GET"]}}],"collection":[{"href":"https:\/\/www.nationalturk.com\/tr\/wp-json\/wp\/v2\/posts"}],"about":[{"href":"https:\/\/www.nationalturk.com\/tr\/wp-json\/wp\/v2\/types\/post"}],"author":[{"embeddable":true,"href":"https:\/\/www.nationalturk.com\/tr\/wp-json\/wp\/v2\/users\/4"}],"replies":[{"embeddable":true,"href":"https:\/\/www.nationalturk.com\/tr\/wp-json\/wp\/v2\/comments?post=123860"}],"version-history":[{"count":0,"href":"https:\/\/www.nationalturk.com\/tr\/wp-json\/wp\/v2\/posts\/123860\/revisions"}],"wp:featuredmedia":[{"embeddable":true,"href":"https:\/\/www.nationalturk.com\/tr\/wp-json\/wp\/v2\/media\/181336"}],"wp:attachment":[{"href":"https:\/\/www.nationalturk.com\/tr\/wp-json\/wp\/v2\/media?parent=123860"}],"wp:term":[{"taxonomy":"category","embeddable":true,"href":"https:\/\/www.nationalturk.com\/tr\/wp-json\/wp\/v2\/categories?post=123860"},{"taxonomy":"post_tag","embeddable":true,"href":"https:\/\/www.nationalturk.com\/tr\/wp-json\/wp\/v2\/tags?post=123860"}],"curies":[{"name":"wp","href":"https:\/\/api.w.org\/{rel}","templated":true}]}}