{"id":123983,"date":"2012-12-04T16:12:03","date_gmt":"2012-12-04T14:12:03","guid":{"rendered":"http:\/\/www.nationalturk.com\/?p=123983"},"modified":"2012-12-04T16:12:03","modified_gmt":"2012-12-04T14:12:03","slug":"israilde-thyye-baskin-tel-aviv-muduru-gozaltina-alindi-123983","status":"publish","type":"post","link":"https:\/\/www.nationalturk.com\/tr\/israilde-thyye-baskin-tel-aviv-muduru-gozaltina-alindi-123983\/","title":{"rendered":"\u0130srail&#8217;de THY&#8217;ye bask\u0131n! Tel Aviv M\u00fcd\u00fcr\u00fc g\u00f6zalt\u0131na al\u0131nd\u0131"},"content":{"rendered":"<h1><img loading=\"lazy\" decoding=\"async\" class=\"alignleft size-medium wp-image-123984\" title=\"\" src=\"http:\/\/www.nationalturk.com\/tr\/wp-content\/uploads\/2012\/12\/thy_boeing-280x185.jpg\" alt=\"\" width=\"280\" height=\"185\" srcset=\"https:\/\/www.nationalturk.com\/tr\/wp-content\/uploads\/2012\/12\/thy_boeing-280x185.jpg 280w, https:\/\/www.nationalturk.com\/tr\/wp-content\/uploads\/2012\/12\/thy_boeing-602x400.jpg 602w, https:\/\/www.nationalturk.com\/tr\/wp-content\/uploads\/2012\/12\/thy_boeing.jpg 1024w\" sizes=\"auto, (max-width: 280px) 100vw, 280px\" \/>THY Tel Aviv M\u00fcd\u00fcr\u00fc F.D. ile Muhasebe \u015eefi S.D. vergi ka\u00e7\u0131rd\u0131klar\u0131 iddias\u0131yla g\u00f6zalt\u0131na al\u0131nd\u0131. \u0130kili sorgular\u0131n\u0131n ard\u0131ndan serbest b\u0131rak\u0131ld\u0131! \/\u00a0\u0130srail&#8217;de THY&#8217;ye bask\u0131n! Tel Aviv M\u00fcd\u00fcr\u00fc g\u00f6zalt\u0131na al\u0131nd\u0131<\/h1>\n<p>T\u00fcrk Hava Yollar\u0131&#8217;n\u0131n (THY) Tel Aviv M\u00fcd\u00fcr\u00fc F. D. ve Muhasebe \u015eefi S. D. vergi ka\u00e7\u0131rd\u0131klar\u0131 ve usuls\u00fczl\u00fck yapt\u0131klar\u0131 iddias\u0131yla g\u00f6zalt\u0131na al\u0131nd\u0131. G\u00f6zalt\u0131na al\u0131nanlar\u0131n, sorgular\u0131n\u0131n ard\u0131ndan serbest b\u0131rak\u0131ld\u0131\u011f\u0131 belirtildi.<\/p>\n<p>Edinilen bilgiye g\u00f6re, \u0130srail maliye ekipleri Ben Gurion Havaliman\u0131\u2019nda bulunan THY ofisi ve \u015fehir merkezindeki ofisine operasyon d\u00fczenledi. Ofisteki bilgisayarlara el koyan ekipler, THY&#8217;nin Tel Aviv M\u00fcd\u00fcr\u00fc F. D. ve Muhasebe \u015eefi S. D&#8217;yi de g\u00f6zalt\u0131na ald\u0131. Sorgular\u0131n\u0131n ard\u0131ndan F. D. ve S. D.\u2019nin serbest b\u0131rak\u0131ld\u0131\u011f\u0131 \u00f6\u011frenildi.<\/p>\n<!-- Error, Advert is not available at this time due to schedule\/geolocation restrictions! -->\n","protected":false},"excerpt":{"rendered":"<p>THY Tel Aviv M\u00fcd\u00fcr\u00fc F.D. ile Muhasebe \u015eefi S.D. vergi ka\u00e7\u0131rd\u0131klar\u0131 iddias\u0131yla g\u00f6zalt\u0131na al\u0131nd\u0131. \u0130kili sorgular\u0131n\u0131n ard\u0131ndan serbest b\u0131rak\u0131ld\u0131! \/ \u0130srail&#8217;de THY&#8217;ye bask\u0131n! Tel Aviv M\u00fcd\u00fcr\u00fc g\u00f6zalt\u0131na al\u0131nd\u0131<\/p>\n","protected":false},"author":4,"featured_media":181315,"comment_status":"open","ping_status":"open","sticky":false,"template":"","format":"standard","meta":{"_acf_changed":false,"footnotes":""},"categories":[6665,6155,6772,349],"tags":[1555,1862,102112],"class_list":["post-123983","post","type-post","status-publish","format-standard","has-post-thumbnail","hentry","category-dunya","category-gundem","category-ortadogu","category-son-dakika","tag-israil","tag-thy","tag-thy-gozalti"],"acf":[],"_links":{"self":[{"href":"https:\/\/www.nationalturk.com\/tr\/wp-json\/wp\/v2\/posts\/123983","targetHints":{"allow":["GET"]}}],"collection":[{"href":"https:\/\/www.nationalturk.com\/tr\/wp-json\/wp\/v2\/posts"}],"about":[{"href":"https:\/\/www.nationalturk.com\/tr\/wp-json\/wp\/v2\/types\/post"}],"author":[{"embeddable":true,"href":"https:\/\/www.nationalturk.com\/tr\/wp-json\/wp\/v2\/users\/4"}],"replies":[{"embeddable":true,"href":"https:\/\/www.nationalturk.com\/tr\/wp-json\/wp\/v2\/comments?post=123983"}],"version-history":[{"count":0,"href":"https:\/\/www.nationalturk.com\/tr\/wp-json\/wp\/v2\/posts\/123983\/revisions"}],"wp:featuredmedia":[{"embeddable":true,"href":"https:\/\/www.nationalturk.com\/tr\/wp-json\/wp\/v2\/media\/181315"}],"wp:attachment":[{"href":"https:\/\/www.nationalturk.com\/tr\/wp-json\/wp\/v2\/media?parent=123983"}],"wp:term":[{"taxonomy":"category","embeddable":true,"href":"https:\/\/www.nationalturk.com\/tr\/wp-json\/wp\/v2\/categories?post=123983"},{"taxonomy":"post_tag","embeddable":true,"href":"https:\/\/www.nationalturk.com\/tr\/wp-json\/wp\/v2\/tags?post=123983"}],"curies":[{"name":"wp","href":"https:\/\/api.w.org\/{rel}","templated":true}]}}