{"id":124012,"date":"2012-12-04T21:12:05","date_gmt":"2012-12-04T19:12:05","guid":{"rendered":"http:\/\/www.nationalturk.com\/?p=124012"},"modified":"2012-12-04T21:18:53","modified_gmt":"2012-12-04T19:18:53","slug":"turkiye-patriot-talebi-124012","status":"publish","type":"post","link":"https:\/\/www.nationalturk.com\/tr\/turkiye-patriot-talebi-124012\/","title":{"rendered":"T\u00fcrkiye&#8217;nin Patriot talebi kabul edildi"},"content":{"rendered":"<h1><a href=\"http:\/\/www.nationalturk.com\/tr\/wp-content\/uploads\/2012\/12\/turkiye-patriot-talebi.jpg\"><img loading=\"lazy\" decoding=\"async\" class=\"alignleft size-medium wp-image-124013\" title=\"T\u00fcrkiye&#039;nin Patriot talebi kabul edildi\" src=\"http:\/\/www.nationalturk.com\/tr\/wp-content\/uploads\/2012\/12\/turkiye-patriot-talebi-280x166.jpg\" alt=\"\" width=\"280\" height=\"166\" srcset=\"https:\/\/www.nationalturk.com\/tr\/wp-content\/uploads\/2012\/12\/turkiye-patriot-talebi-280x166.jpg 280w, https:\/\/www.nationalturk.com\/tr\/wp-content\/uploads\/2012\/12\/turkiye-patriot-talebi.jpg 320w\" sizes=\"auto, (max-width: 280px) 100vw, 280px\" \/><\/a>T\u00fcrkiye&#8217;nin Suriye s\u0131n\u0131r\u0131na Patriot f\u00fczeleri yerle\u015ftirilmesi talebi Kuzey Atlantik Konseyi d\u0131\u015fi\u015fleri bakanlar\u0131 toplant\u0131s\u0131nda kabul edildi.<\/h1>\n<p>Toplant\u0131n\u0131n ard\u0131ndan yap\u0131lan yaz\u0131l\u0131 a\u00e7\u0131klamada; ABD, Almanya ve Hollanda&#8217;n\u0131n f\u00fczeleri sa\u011flama konusunda niyet beyan etti\u011fi belirtildi. Fakat bu \u00fclkelerin i\u00e7 s\u00fcre\u00e7lerinin de tamamlanmas\u0131 beklenecek. F\u00fczelerin komutas\u0131 Avrupa M\u00fcttefik Kuvvetleri Y\u00fcksek Komutanl\u0131\u011f\u0131&#8217;nda olacak. F\u00fczeler sadece savunma ama\u00e7l\u0131 olarak konu\u015fland\u0131r\u0131lacak.<\/p>\n<p>Toplant\u0131n\u0131n ard\u0131ndan a\u00e7\u0131klama yapan NATO Genel Sekreteri Anders Fogh Rasmussen, bug\u00fcn sadece siyasi bir karar al\u0131nd\u0131\u011f\u0131n\u0131, f\u00fczelerle ilgili teknik detaylar\u0131n ise daha sonra g\u00f6r\u00fc\u015f\u00fclece\u011fini s\u00f6yledi.<\/p>\n<p>D\u0131\u015fi\u015fleri Bakanl\u0131\u011f\u0131&#8217;ndan yap\u0131lan a\u00e7\u0131klamada ise &#8220;Bu karar, \u0130ttifak dayan\u0131\u015fmas\u0131n\u0131n ve birli\u011finin teyiden ve pratikte ortaya konulmas\u0131 bak\u0131m\u0131ndan \u00f6nemlidir.&#8221; ifadelerine yer verildi.<\/p>\n<!-- Error, Advert is not available at this time due to schedule\/geolocation restrictions! -->\n","protected":false},"excerpt":{"rendered":"<p>T\u00fcrkiye&#8217;nin Suriye s\u0131n\u0131r\u0131na Patriot f\u00fczeleri yerle\u015ftirilmesi talebi Kuzey Atlantik Konseyi d\u0131\u015fi\u015fleri bakanlar\u0131 toplant\u0131s\u0131nda kabul edildi.<\/p>\n","protected":false},"author":3,"featured_media":181308,"comment_status":"open","ping_status":"open","sticky":false,"template":"","format":"standard","meta":{"_acf_changed":false,"footnotes":""},"categories":[6155,5005,349,6805,6662],"tags":[1887,2174,27109,1668,117365,112572,13379],"class_list":["post-124012","post","type-post","status-publish","format-standard","has-post-thumbnail","hentry","category-gundem","category-manset","category-son-dakika","category-turkiye","category-yasam","tag-abd","tag-almanya","tag-anders-fogh-rasmussen","tag-hollanda","tag-kuzey-atlantik-konseyi","tag-nato-genel-sekreteri","tag-patriot"],"acf":[],"_links":{"self":[{"href":"https:\/\/www.nationalturk.com\/tr\/wp-json\/wp\/v2\/posts\/124012","targetHints":{"allow":["GET"]}}],"collection":[{"href":"https:\/\/www.nationalturk.com\/tr\/wp-json\/wp\/v2\/posts"}],"about":[{"href":"https:\/\/www.nationalturk.com\/tr\/wp-json\/wp\/v2\/types\/post"}],"author":[{"embeddable":true,"href":"https:\/\/www.nationalturk.com\/tr\/wp-json\/wp\/v2\/users\/3"}],"replies":[{"embeddable":true,"href":"https:\/\/www.nationalturk.com\/tr\/wp-json\/wp\/v2\/comments?post=124012"}],"version-history":[{"count":0,"href":"https:\/\/www.nationalturk.com\/tr\/wp-json\/wp\/v2\/posts\/124012\/revisions"}],"wp:featuredmedia":[{"embeddable":true,"href":"https:\/\/www.nationalturk.com\/tr\/wp-json\/wp\/v2\/media\/181308"}],"wp:attachment":[{"href":"https:\/\/www.nationalturk.com\/tr\/wp-json\/wp\/v2\/media?parent=124012"}],"wp:term":[{"taxonomy":"category","embeddable":true,"href":"https:\/\/www.nationalturk.com\/tr\/wp-json\/wp\/v2\/categories?post=124012"},{"taxonomy":"post_tag","embeddable":true,"href":"https:\/\/www.nationalturk.com\/tr\/wp-json\/wp\/v2\/tags?post=124012"}],"curies":[{"name":"wp","href":"https:\/\/api.w.org\/{rel}","templated":true}]}}