{"id":124315,"date":"2012-12-07T16:13:04","date_gmt":"2012-12-07T14:13:04","guid":{"rendered":"http:\/\/www.nationalturk.com\/?p=124315"},"modified":"2012-12-07T16:44:51","modified_gmt":"2012-12-07T14:44:51","slug":"tugba-ozay-hapis-yatacak-son-dakika-124315","status":"publish","type":"post","link":"https:\/\/www.nationalturk.com\/tr\/tugba-ozay-hapis-yatacak-son-dakika-124315\/","title":{"rendered":"Tu\u011fba \u00d6zay hapis yatacak! \/ Son Dakika"},"content":{"rendered":"<h1><img loading=\"lazy\" decoding=\"async\" class=\"alignleft size-medium wp-image-124316\" title=\"Tu\u011fba \u00d6zay\" src=\"http:\/\/www.nationalturk.com\/tr\/wp-content\/uploads\/2012\/12\/tugba_ozay_tutuklandi-280x199.jpg\" alt=\"\" width=\"280\" height=\"199\" srcset=\"https:\/\/www.nationalturk.com\/tr\/wp-content\/uploads\/2012\/12\/tugba_ozay_tutuklandi-280x199.jpg 280w, https:\/\/www.nationalturk.com\/tr\/wp-content\/uploads\/2012\/12\/tugba_ozay_tutuklandi.jpg 460w\" sizes=\"auto, (max-width: 280px) 100vw, 280px\" \/>\u00c7ete davas\u0131nda karar \u00e7\u0131kt\u0131! \u00dcnl\u00fc manken Tu\u011fba \u00d6zay hapis yatacak. \u00d6zay, \u00e7ete davas\u0131nda 1 y\u0131l 8 ay hapis cezas\u0131na \u00e7arpt\u0131r\u0131ld\u0131. \/ Son Dakika&#8230;<\/h1>\n<p>Tu\u011fba \u00d6zay soru\u015fturma kapsam\u0131nda 5.5 ay tutuklu kald\u0131ktan sonra serbest b\u0131rak\u0131lm\u0131\u015ft\u0131.<\/p>\n<p>Mahkeme, Tu\u011fba \u00d6zay\u2019a m\u00fc\u015fteki san\u0131k Abdulkadir Ak\u0131n B\u00fcy\u00fcko\u011flu\u2019na kar\u015f\u0131 tehdit su\u00e7unu i\u015fledi\u011fi sabit oldu\u011fu gerek\u00e7esiyle 2 y\u0131l hapis cezas\u0131 verildi. \u00d6zay\u2019\u0131n cezas\u0131, yarg\u0131lama s\u00fcrecindeki davran\u0131\u015flar\u0131 nedeniyle 1 y\u0131l 8 aya indirildi. Mahkeme, \u00d6zay\u2019\u0131n sab\u0131kas\u0131z olmas\u0131, tekrar su\u00e7 i\u015flemeyece\u011fi kanaatinin olu\u015fmas\u0131 nedeniyle h\u00fckm\u00fcn a\u00e7\u0131klanmas\u0131n\u0131n geri b\u0131rak\u0131lmas\u0131na karar verdi. \u00d6zay, 5 y\u0131l i\u00e7inde kas\u0131tl\u0131 bir su\u00e7 i\u015flemedi\u011fi takdirde hakk\u0131ndaki dava d\u00fc\u015fecek. Ancak su\u00e7 i\u015flemesi durumunda ise a\u00e7\u0131klanmas\u0131 geri b\u0131rak\u0131lan h\u00fck\u00fcm mahkemece a\u00e7\u0131klanacak.<\/p>\n<!-- Error, Advert is not available at this time due to schedule\/geolocation restrictions! -->\n","protected":false},"excerpt":{"rendered":"<p>\u00c7ete davas\u0131nda karar \u00e7\u0131kt\u0131! \u00dcnl\u00fc manken Tu\u011fba \u00d6zay hapis yatacak. \u00d6zay, \u00e7ete davas\u0131nda 1 y\u0131l 8 ay hapis cezas\u0131na \u00e7arpt\u0131r\u0131ld\u0131. \/ Son Dakika&#8230;<\/p>\n","protected":false},"author":4,"featured_media":181252,"comment_status":"open","ping_status":"open","sticky":false,"template":"","format":"standard","meta":{"_acf_changed":false,"footnotes":""},"categories":[6155,6232,5005,349,6805],"tags":[27382,1950],"class_list":["post-124315","post","type-post","status-publish","format-standard","has-post-thumbnail","hentry","category-gundem","category-magazin","category-manset","category-son-dakika","category-turkiye","tag-son-dakika","tag-tugba-ozay"],"acf":[],"_links":{"self":[{"href":"https:\/\/www.nationalturk.com\/tr\/wp-json\/wp\/v2\/posts\/124315","targetHints":{"allow":["GET"]}}],"collection":[{"href":"https:\/\/www.nationalturk.com\/tr\/wp-json\/wp\/v2\/posts"}],"about":[{"href":"https:\/\/www.nationalturk.com\/tr\/wp-json\/wp\/v2\/types\/post"}],"author":[{"embeddable":true,"href":"https:\/\/www.nationalturk.com\/tr\/wp-json\/wp\/v2\/users\/4"}],"replies":[{"embeddable":true,"href":"https:\/\/www.nationalturk.com\/tr\/wp-json\/wp\/v2\/comments?post=124315"}],"version-history":[{"count":0,"href":"https:\/\/www.nationalturk.com\/tr\/wp-json\/wp\/v2\/posts\/124315\/revisions"}],"wp:featuredmedia":[{"embeddable":true,"href":"https:\/\/www.nationalturk.com\/tr\/wp-json\/wp\/v2\/media\/181252"}],"wp:attachment":[{"href":"https:\/\/www.nationalturk.com\/tr\/wp-json\/wp\/v2\/media?parent=124315"}],"wp:term":[{"taxonomy":"category","embeddable":true,"href":"https:\/\/www.nationalturk.com\/tr\/wp-json\/wp\/v2\/categories?post=124315"},{"taxonomy":"post_tag","embeddable":true,"href":"https:\/\/www.nationalturk.com\/tr\/wp-json\/wp\/v2\/tags?post=124315"}],"curies":[{"name":"wp","href":"https:\/\/api.w.org\/{rel}","templated":true}]}}