{"id":124320,"date":"2012-12-07T17:07:35","date_gmt":"2012-12-07T15:07:35","guid":{"rendered":"http:\/\/www.nationalturk.com\/?p=124320"},"modified":"2012-12-07T17:07:35","modified_gmt":"2012-12-07T15:07:35","slug":"diyanetten-kiyamet-aciklamasi-124320","status":"publish","type":"post","link":"https:\/\/www.nationalturk.com\/tr\/diyanetten-kiyamet-aciklamasi-124320\/","title":{"rendered":"Diyanet&#8217;ten k\u0131yamet a\u00e7\u0131klamas\u0131"},"content":{"rendered":"<h1><img loading=\"lazy\" decoding=\"async\" class=\"alignleft size-medium wp-image-124321\" title=\"Mehmet G\u00f6rmez\" src=\"http:\/\/www.nationalturk.com\/tr\/wp-content\/uploads\/2012\/12\/mehmet_gormez_kurtaj-280x210.jpg\" alt=\"\" width=\"280\" height=\"210\" srcset=\"https:\/\/www.nationalturk.com\/tr\/wp-content\/uploads\/2012\/12\/mehmet_gormez_kurtaj-280x210.jpg 280w, https:\/\/www.nationalturk.com\/tr\/wp-content\/uploads\/2012\/12\/mehmet_gormez_kurtaj.jpg 500w\" sizes=\"auto, (max-width: 280px) 100vw, 280px\" \/>Maya takvimine g\u00f6re 21 Aral\u0131k&#8217;ta d\u00fcnyan\u0131n sonunun gelece\u011fi y\u00f6n\u00fcndeki iddialar hakk\u0131nda Diyanet \u0130\u015fleri Ba\u015fkan\u0131 Mehmet G\u00f6rmez de a\u00e7\u0131klama yapt\u0131.<\/h1>\n<p>Diyanet \u0130\u015fleri Ba\u015fkan\u0131 Prof. Dr. Mehmet G\u00f6rmez, son g\u00fcnlerde g\u00fcndemden d\u00fc\u015fmeyen Maya takvime g\u00f6re 21 Aral\u0131k&#8217;ta k\u0131yamet kopaca\u011f\u0131 iddialar\u0131na Twitter&#8217;da yan\u0131t verdi.<\/p>\n<p>Bat\u0131l, sahte ve hurafe k\u0131yamet senaryolar\u0131na itibar etmeyin diyen Diyanet \u0130\u015fleri Ba\u015fkan\u0131 G\u00f6rmez, mesaj\u0131nda \u015fu ifadelere yer verdi:<\/p>\n<p>&#8220;Gelen yo\u011fun sorular \u00fczerine derim ki; bat\u0131l, sahte, hurafe k\u0131yamet senaryolar\u0131na itibar etmeyelim. Ebedi \u00e2leme haz\u0131rlad\u0131klar\u0131m\u0131za bakal\u0131m. D\u00fcnya ahiretin tarlas\u0131d\u0131r. Cennet tohumunu bu d\u00fcnyada ekti\u011fimiz bir bah\u00e7edir. Cehennem ise ate\u015fini bu d\u00fcnyadan g\u00f6t\u00fcrd\u00fc\u011f\u00fcm\u00fcz bir ocakt\u0131r. \u201cRabbimiz, bize d\u00fcnyada da ahirette de g\u00fczellikler ver\u201d diye dua edelim\u2026\u201d<\/p>\n<!-- Error, Advert is not available at this time due to schedule\/geolocation restrictions! -->\n","protected":false},"excerpt":{"rendered":"<p>Maya takvimine g\u00f6re 21 Aral\u0131k&#8217;ta d\u00fcnyan\u0131n sonunun gelece\u011fi y\u00f6n\u00fcndeki iddialar hakk\u0131nda Diyanet \u0130\u015fleri Ba\u015fkan\u0131 Mehmet G\u00f6rmez de a\u00e7\u0131klama yapt\u0131.<\/p>\n","protected":false},"author":4,"featured_media":181251,"comment_status":"open","ping_status":"open","sticky":false,"template":"","format":"standard","meta":{"_acf_changed":false,"footnotes":""},"categories":[6155,6805],"tags":[117042,117045,117043,52198,117044,8634,54158],"class_list":["post-124320","post","type-post","status-publish","format-standard","has-post-thumbnail","hentry","category-gundem","category-turkiye","tag-21-aralik","tag-21-aralik-dunyanin-sonu","tag-21-aralik-kiyamet","tag-diyanet","tag-dunyanin-sonu","tag-maya-takvimi","tag-mehmet-gormez"],"acf":[],"_links":{"self":[{"href":"https:\/\/www.nationalturk.com\/tr\/wp-json\/wp\/v2\/posts\/124320","targetHints":{"allow":["GET"]}}],"collection":[{"href":"https:\/\/www.nationalturk.com\/tr\/wp-json\/wp\/v2\/posts"}],"about":[{"href":"https:\/\/www.nationalturk.com\/tr\/wp-json\/wp\/v2\/types\/post"}],"author":[{"embeddable":true,"href":"https:\/\/www.nationalturk.com\/tr\/wp-json\/wp\/v2\/users\/4"}],"replies":[{"embeddable":true,"href":"https:\/\/www.nationalturk.com\/tr\/wp-json\/wp\/v2\/comments?post=124320"}],"version-history":[{"count":0,"href":"https:\/\/www.nationalturk.com\/tr\/wp-json\/wp\/v2\/posts\/124320\/revisions"}],"wp:featuredmedia":[{"embeddable":true,"href":"https:\/\/www.nationalturk.com\/tr\/wp-json\/wp\/v2\/media\/181251"}],"wp:attachment":[{"href":"https:\/\/www.nationalturk.com\/tr\/wp-json\/wp\/v2\/media?parent=124320"}],"wp:term":[{"taxonomy":"category","embeddable":true,"href":"https:\/\/www.nationalturk.com\/tr\/wp-json\/wp\/v2\/categories?post=124320"},{"taxonomy":"post_tag","embeddable":true,"href":"https:\/\/www.nationalturk.com\/tr\/wp-json\/wp\/v2\/tags?post=124320"}],"curies":[{"name":"wp","href":"https:\/\/api.w.org\/{rel}","templated":true}]}}