{"id":124420,"date":"2012-12-10T10:46:40","date_gmt":"2012-12-10T08:46:40","guid":{"rendered":"http:\/\/www.nationalturk.com\/?p=124420"},"modified":"2012-12-10T10:46:40","modified_gmt":"2012-12-10T08:46:40","slug":"buyume-rakamlari-aciklandi-sert-dusus-124420","status":"publish","type":"post","link":"https:\/\/www.nationalturk.com\/tr\/buyume-rakamlari-aciklandi-sert-dusus-124420\/","title":{"rendered":"B\u00fcy\u00fcme rakamlar\u0131 a\u00e7\u0131kland\u0131 \/ Sert d\u00fc\u015f\u00fc\u015f!"},"content":{"rendered":"<h1><img loading=\"lazy\" decoding=\"async\" class=\"alignleft size-medium wp-image-124422\" title=\"\" src=\"http:\/\/www.nationalturk.com\/tr\/wp-content\/uploads\/2012\/12\/buyume_rakamlari-280x196.jpg\" alt=\"\" width=\"280\" height=\"196\" srcset=\"https:\/\/www.nationalturk.com\/tr\/wp-content\/uploads\/2012\/12\/buyume_rakamlari-280x196.jpg 280w, https:\/\/www.nationalturk.com\/tr\/wp-content\/uploads\/2012\/12\/buyume_rakamlari-571x400.jpg 571w, https:\/\/www.nationalturk.com\/tr\/wp-content\/uploads\/2012\/12\/buyume_rakamlari.jpg 800w\" sizes=\"auto, (max-width: 280px) 100vw, 280px\" \/>T\u00fcrkiye \u0130statistik Kurumu (T\u00dc\u0130K), T\u00fcrkiye ekonomisinin bu y\u0131l\u0131n \u00fc\u00e7\u00fcnc\u00fc \u00e7eyre\u011finde y\u00fczde 1,6 b\u00fcy\u00fcd\u00fc\u011f\u00fcn\u00fc a\u00e7\u0131klad\u0131. \/ B\u00fcy\u00fcme rakamlar\u0131 \u015fok etti!&#8230;<\/h1>\n<p>T\u00dc\u0130K, \u00fcretim y\u00f6ntemiyle hesaplanan gayri safi yurt i\u00e7i has\u0131la (GSYH) 2012 \u00fc\u00e7\u00fcnc\u00fc \u00e7eyrek sonu\u00e7lar\u0131n\u0131 a\u00e7\u0131klad\u0131.<br \/>\nBuna g\u00f6re, \u00fcretim y\u00f6ntemiyle hesaplanan GSYH tahmininde, 2012 y\u0131l\u0131 \u00fc\u00e7\u00fcnc\u00fc \u00fc\u00e7 ayl\u0131k d\u00f6neminde ge\u00e7en y\u0131l\u0131n ayn\u0131 d\u00f6nemine g\u00f6re cari fiyatlarla GSYH, y\u00fczde 7,7&#8217;lik art\u0131\u015fla 377 milyar 584 milyon lira oldu. Sabit fiyatlarla ise bu d\u00f6nemde GSYH, y\u00fczde 1,6 art\u0131\u015fla 31 milyar 594 milyon lira oldu.<\/p>\n<p>\u00d6te yandan, takvim etkisinden ar\u0131nd\u0131r\u0131lm\u0131\u015f sabit fiyatlarla GSYH bu y\u0131l\u0131n \u00fc\u00e7\u00fcnc\u00fc \u00e7eyre\u011finde ge\u00e7en y\u0131l\u0131n ayn\u0131 d\u00f6nemine g\u00f6re y\u00fczde 1,9&#8217;luk art\u0131\u015f g\u00f6sterdi. Mevsim ve takvim etkilerinden ar\u0131nd\u0131r\u0131lm\u0131\u015f GSYH de\u011feri de bir \u00f6nceki d\u00f6neme g\u00f6re y\u00fczde 0,2 artt\u0131.<\/p>\n<p>HSBC Portf\u00f6y Stratejisti Ali \u00c7ak\u0131ro\u011flu, beklenenin alt\u0131nda ger\u00e7ekle\u015fen 3. \u00e7eyrek b\u00fcy\u00fcmesinde \u00f6zel sekt\u00f6r yat\u0131r\u0131m harcamalar\u0131nda kaydedilen sert gerilemenin etkili oldu\u011funu belirtti.<\/p>\n<p>T\u00dc\u0130K taraf\u0131ndan a\u00e7\u0131klanan 2012 y\u0131l\u0131 \u00fc\u00e7\u00fcnc\u00fc \u00e7eyrek b\u00fcy\u00fcme ve ekim ay\u0131 sanayi \u00fcretim verilerini de\u011ferlendiren \u00c7ak\u0131ro\u011flu, 2012 y\u0131l\u0131 3. \u00e7eyrek b\u00fcy\u00fcme verilerinin beklentilerin alt\u0131nda geldi\u011fini belirterek, &#8221;Beklenenin alt\u0131nda ger\u00e7ekle\u015fen 3. \u00e7eyrek b\u00fcy\u00fcmesinde \u00f6zel sekt\u00f6r yat\u0131r\u0131m harcamalar\u0131nda kaydedilen sert gerileme etkili olmu\u015f g\u00f6r\u00fcn\u00fcyor. \u00d6zel sekt\u00f6r yat\u0131r\u0131m harcamalar\u0131 ge\u00e7ti\u011fimiz senenin ayn\u0131 d\u00f6nemine g\u00f6re y\u00fczde 11,1 azal\u0131rken, bunda y\u00fczde 14,7 azalan makine te\u00e7hizat yat\u0131r\u0131m\u0131 etkili oldu. Bununla birlikte \u00f6zel t\u00fcketim harcamalar\u0131 da ge\u00e7en y\u0131l\u0131n ayn\u0131 d\u00f6nemine g\u00f6re y\u00fczde 0,5 azald\u0131&#8221; dedi.<\/p>\n<p>\u00c7ak\u0131ro\u011flu, ekim ay\u0131 sanayi \u00fcretiminin y\u00fczde 2,5&#8217;lik daralma beklentilerinin belirgin \u00fczerinde, ge\u00e7en y\u0131l\u0131n ayn\u0131 d\u00f6nemine g\u00f6re y\u00fczde 5,7 azald\u0131\u011f\u0131n\u0131 kaydederek, tahminlerin alt\u0131nda kalan verilerin Merkez Bankas\u0131&#8217;n\u0131n b\u00fcy\u00fcme odakl\u0131 para politikas\u0131 duru\u015funu destekledi\u011fini kaydetti.<\/p>\n<p>Buna ba\u011fl\u0131 olarak \u00f6n\u00fcm\u00fczdeki hafta sal\u0131 g\u00fcn\u00fc yap\u0131lacak olan Para Politikas\u0131 Kurulu (PPK) toplant\u0131s\u0131nda Merkez Bankas\u0131&#8217;n\u0131n gecelik bor\u00e7lanma ve haftal\u0131k repo faizlerinde s\u0131ras\u0131yla 50 ve 25 baz puanl\u0131k indirime gidece\u011fi d\u00fc\u015f\u00fcncesinde oldu\u011funu belirten \u00c7ak\u0131ro\u011flu, \u015funlar\u0131 kaydetti:<\/p>\n<p>&#8221;Piyasalar a\u00e7\u0131s\u0131ndan bak\u0131ld\u0131\u011f\u0131nda a\u00e7\u0131klanan verilerin ge\u00e7mi\u015f d\u00f6nem performans\u0131na referans vermesine de ba\u011fl\u0131 olarak \u0130MKB \u00fczerinde kayda de\u011fer bir etki yaratmayaca\u011f\u0131 kanaatindeyiz. Bununla birlikte Merkez Bankas\u0131&#8217;n\u0131n faiz indirimlerine ili\u015fkin beklentilerin g\u00fc\u00e7lenmesine de ba\u011fl\u0131 olarak bono faizlerinde hafif \u00e7apl\u0131 d\u00fc\u015f\u00fc\u015fler g\u00f6rebiliriz. Bununla birlikte T\u00fcrk Liras\u0131 \u00fczerindeki bask\u0131 belirginle\u015febilecek.&#8221;<\/p>\n<span style=\"font-weight: bold; color: #f00;\">Error, group does not exist! Check your syntax! (ID: 62)<\/span>\n","protected":false},"excerpt":{"rendered":"<p>T\u00fcrkiye \u0130statistik Kurumu (T\u00dc\u0130K), T\u00fcrkiye ekonomisinin bu y\u0131l\u0131n \u00fc\u00e7\u00fcnc\u00fc \u00e7eyre\u011finde y\u00fczde 1,6 b\u00fcy\u00fcd\u00fc\u011f\u00fcn\u00fc a\u00e7\u0131klad\u0131. \/ B\u00fcy\u00fcme rakamlar\u0131 \u015fok etti!&#8230;<\/p>\n","protected":false},"author":4,"featured_media":181239,"comment_status":"open","ping_status":"open","sticky":false,"template":"","format":"standard","meta":{"_acf_changed":false,"footnotes":""},"categories":[6199,6155,5005,349,6805],"tags":[74227,87510,35392,43472,24352,3909,110691,1032],"class_list":["post-124420","post","type-post","status-publish","format-standard","has-post-thumbnail","hentry","category-ekonomi","category-gundem","category-manset","category-son-dakika","category-turkiye","tag-buyume-rakamlari","tag-buyume-rakamlari-aciklandi","tag-gsyh","tag-hsbc","tag-sanayi-uretimi","tag-tuik","tag-tuik-buyume-rakamlari","tag-turkiye-istatistik-kurumu"],"acf":[],"_links":{"self":[{"href":"https:\/\/www.nationalturk.com\/tr\/wp-json\/wp\/v2\/posts\/124420","targetHints":{"allow":["GET"]}}],"collection":[{"href":"https:\/\/www.nationalturk.com\/tr\/wp-json\/wp\/v2\/posts"}],"about":[{"href":"https:\/\/www.nationalturk.com\/tr\/wp-json\/wp\/v2\/types\/post"}],"author":[{"embeddable":true,"href":"https:\/\/www.nationalturk.com\/tr\/wp-json\/wp\/v2\/users\/4"}],"replies":[{"embeddable":true,"href":"https:\/\/www.nationalturk.com\/tr\/wp-json\/wp\/v2\/comments?post=124420"}],"version-history":[{"count":0,"href":"https:\/\/www.nationalturk.com\/tr\/wp-json\/wp\/v2\/posts\/124420\/revisions"}],"wp:featuredmedia":[{"embeddable":true,"href":"https:\/\/www.nationalturk.com\/tr\/wp-json\/wp\/v2\/media\/181239"}],"wp:attachment":[{"href":"https:\/\/www.nationalturk.com\/tr\/wp-json\/wp\/v2\/media?parent=124420"}],"wp:term":[{"taxonomy":"category","embeddable":true,"href":"https:\/\/www.nationalturk.com\/tr\/wp-json\/wp\/v2\/categories?post=124420"},{"taxonomy":"post_tag","embeddable":true,"href":"https:\/\/www.nationalturk.com\/tr\/wp-json\/wp\/v2\/tags?post=124420"}],"curies":[{"name":"wp","href":"https:\/\/api.w.org\/{rel}","templated":true}]}}