{"id":124929,"date":"2012-12-13T11:47:23","date_gmt":"2012-12-13T09:47:23","guid":{"rendered":"http:\/\/www.nationalturk.com\/?p=124929"},"modified":"2012-12-13T11:47:23","modified_gmt":"2012-12-13T09:47:23","slug":"mesut-yilmaz-turgut-ozal-eceliyle-oldu-video-124929","status":"publish","type":"post","link":"https:\/\/www.nationalturk.com\/tr\/mesut-yilmaz-turgut-ozal-eceliyle-oldu-video-124929\/","title":{"rendered":"Mesut Y\u0131lmaz: Turgut \u00d6zal eceliyle \u00f6ld\u00fc (Video)"},"content":{"rendered":"<h1><img loading=\"lazy\" decoding=\"async\" class=\"alignleft size-medium wp-image-124930\" title=\"Mesut Y\u0131lmaz\" src=\"http:\/\/www.nationalturk.com\/tr\/wp-content\/uploads\/2012\/12\/mesut_yilmaz_ozal-280x209.jpg\" alt=\"\" width=\"280\" height=\"209\" srcset=\"https:\/\/www.nationalturk.com\/tr\/wp-content\/uploads\/2012\/12\/mesut_yilmaz_ozal-280x209.jpg 280w, https:\/\/www.nationalturk.com\/tr\/wp-content\/uploads\/2012\/12\/mesut_yilmaz_ozal.jpg 343w\" sizes=\"auto, (max-width: 280px) 100vw, 280px\" \/>Eski ba\u015fbakanlardan Mesut Y\u0131lmaz Turgut \u00d6zal hakk\u0131nda konu\u015ftu. Mesut Y\u0131lmaz Turgut \u00d6zal&#8217;\u0131n zehirlenerek \u00f6ld\u00fcr\u00fcld\u00fc\u011f\u00fc iddialar\u0131na kat\u0131lmad\u0131\u011f\u0131n\u0131 belirterek &#8216;eceliyle \u00f6ld\u00fc\u011f\u00fcne inan\u0131yorum&#8217; dedi.<\/h1>\n<p>Mesut Y\u0131lmaz, rahmetli Cumhurba\u015fkan\u0131 Turgut \u00d6zal\u2019\u0131n zehirlenerek \u00f6ld\u00fcr\u00fcld\u00fc\u011f\u00fc y\u00f6n\u00fcndeki iddialar ile ilgili, \u201cBen rahmetli \u00d6zal\u2019\u0131n zehirlendi\u011fi kan\u0131s\u0131nda de\u011filim. Bana g\u00f6re eceliyle \u00f6lm\u00fc\u015ft\u00fcr. Bence t\u00fcm bu \u015f\u00fcpheler yersizdir.\u201d dedi.<\/p>\n<p>Kat\u0131ld\u0131\u011f\u0131 bir programda gazetecilerin sorular\u0131n\u0131 yan\u0131tlayan Mesut Y\u0131lmaz, \u015fu ifadeleri kulland\u0131:<\/p>\n<p>&#8220;Ben rahmetli Turgut \u00d6zal\u2019\u0131n zehirlendi\u011fi kan\u0131s\u0131nda de\u011filim. Bana g\u00f6re rahmetli \u00d6zal eceliyle \u00f6lm\u00fc\u015ft\u00fcr. Ama bu konuda baz\u0131 \u015f\u00fcpheler varsa ara\u015ft\u0131r\u0131lmas\u0131 do\u011fald\u0131r. Bildi\u011fim kadar\u0131yla bu ara\u015ft\u0131rmalardan bir sonu\u00e7 elde edilemedi. Ben rahmetli \u00d6zal\u2019\u0131 son yurt d\u0131\u015f\u0131 gezisinden gelirken g\u00f6rm\u00fc\u015ft\u00fcm. Kendisini hi\u00e7 g\u00f6rmedi\u011fim kadar k\u00f6t\u00fc g\u00f6rd\u00fcm. Dolay\u0131s\u0131yla \u00f6l\u00fcm\u00fc benim i\u00e7in ne kadar \u00fcz\u00fcc\u00fc de olsa, s\u00fcrpriz olmam\u0131\u015ft\u0131. Bence t\u00fcm bu \u015f\u00fcpheler yersiz.&#8221;<\/p>\n[media id=1938 width=610 height=340]\n<h2>Turgut \u00d6zal zehirlendi mi? Adli T\u0131p raporunun a\u00e7\u0131klanmas\u0131 bekleniyor<\/h2>\n<p>Devlet Denetleme Kurulu taraf\u0131ndan \u00f6l\u00fcm\u00fc \u015f\u00fcpheli bulunan ve yeniden otopsi yap\u0131lan 8. Cumhurba\u015fkan\u0131 Turgut \u00d6zal&#8217;\u0131n \u00f6l\u00fcm\u00fcne ili\u015fkin Adli T\u0131p raporu tamamland\u0131. Rapora g\u00f6re zehir var ancak \u00f6l\u00fcm nedeni kesin olarak belirlenemedi.<\/p>\n<p>Turgut \u00d6zal&#8217;\u0131n \u00f6l\u00fcm\u00fcyle ilgili Adli T\u0131p raporu tamamland\u0131. Al\u0131nan bilgiye g\u00f6re, haz\u0131rlanan rapor, bug\u00fcn 1. \u0130htisas Kurulu&#8217;nda imzaya a\u00e7\u0131ld\u0131. Tamamlanan Adli T\u0131p raporunun, Ankara Cumhuriyet Ba\u015fsavc\u0131l\u0131\u011f\u0131&#8217;na ula\u015ft\u0131r\u0131laca\u011f\u0131 \u00f6\u011frenildi. Savc\u0131l\u0131\u011fa g\u00f6nderilecek raporda, &#8220;\u00d6zal&#8217;\u0131n bedeninde zehre rastland\u0131\u011f\u0131 ama \u00f6l\u00fcm nedeniyle ilgili kesin kanaat olu\u015fmad\u0131\u011f\u0131&#8221; ifadelerinin yer ald\u0131\u011f\u0131 iddia edildi.<\/p>\n<p>\u00d6zal&#8217;\u0131n naa\u015f\u0131, 2 Ekim&#8217;de Topkap\u0131&#8217;daki mezar\u0131ndan \u00e7\u0131kar\u0131lm\u0131\u015f ve yap\u0131lan otopsinin ard\u0131ndan 5 Ekim&#8217;de yeniden defnedilmi\u015fti.<\/p>\n<!-- Error, Advert is not available at this time due to schedule\/geolocation restrictions! -->\n<p>&nbsp;<\/p>\n","protected":false},"excerpt":{"rendered":"<p>Eski ba\u015fbakanlardan Mesut Y\u0131lmaz Turgut \u00d6zal hakk\u0131nda konu\u015ftu. Mesut Y\u0131lmaz Turgut \u00d6zal&#8217;\u0131n zehirlenerek \u00f6ld\u00fcr\u00fcld\u00fc\u011f\u00fc iddialar\u0131na kat\u0131lmad\u0131\u011f\u0131n\u0131 belirterek &#8216;eceliyle \u00f6ld\u00fc\u011f\u00fcne inan\u0131yorum&#8217; dedi.<\/p>\n","protected":false},"author":4,"featured_media":181181,"comment_status":"open","ping_status":"open","sticky":false,"template":"","format":"standard","meta":{"_acf_changed":false,"footnotes":""},"categories":[6155,5005,6202,349,6805,342],"tags":[112226,7799,118077,33119,103141,116939,117972,114605,114612,114607],"class_list":["post-124929","post","type-post","status-publish","format-standard","has-post-thumbnail","hentry","category-gundem","category-manset","category-politika","category-son-dakika","category-turkiye","category-video","tag-adli-tip-turgut-ozal","tag-mesut-yilmaz","tag-mesut-yilmaz-video","tag-turgut-ozal","tag-turgut-ozal-mezar","tag-turgut-ozal-otopsi","tag-turgut-ozal-otopsi-raporu","tag-turgut-ozal-zehir","tag-turgut-ozal-zehirlendi","tag-turgut-ozal-zehirlendi-mi"],"acf":[],"_links":{"self":[{"href":"https:\/\/www.nationalturk.com\/tr\/wp-json\/wp\/v2\/posts\/124929","targetHints":{"allow":["GET"]}}],"collection":[{"href":"https:\/\/www.nationalturk.com\/tr\/wp-json\/wp\/v2\/posts"}],"about":[{"href":"https:\/\/www.nationalturk.com\/tr\/wp-json\/wp\/v2\/types\/post"}],"author":[{"embeddable":true,"href":"https:\/\/www.nationalturk.com\/tr\/wp-json\/wp\/v2\/users\/4"}],"replies":[{"embeddable":true,"href":"https:\/\/www.nationalturk.com\/tr\/wp-json\/wp\/v2\/comments?post=124929"}],"version-history":[{"count":0,"href":"https:\/\/www.nationalturk.com\/tr\/wp-json\/wp\/v2\/posts\/124929\/revisions"}],"wp:featuredmedia":[{"embeddable":true,"href":"https:\/\/www.nationalturk.com\/tr\/wp-json\/wp\/v2\/media\/181181"}],"wp:attachment":[{"href":"https:\/\/www.nationalturk.com\/tr\/wp-json\/wp\/v2\/media?parent=124929"}],"wp:term":[{"taxonomy":"category","embeddable":true,"href":"https:\/\/www.nationalturk.com\/tr\/wp-json\/wp\/v2\/categories?post=124929"},{"taxonomy":"post_tag","embeddable":true,"href":"https:\/\/www.nationalturk.com\/tr\/wp-json\/wp\/v2\/tags?post=124929"}],"curies":[{"name":"wp","href":"https:\/\/api.w.org\/{rel}","templated":true}]}}