{"id":124998,"date":"2012-12-13T16:00:00","date_gmt":"2012-12-13T14:00:00","guid":{"rendered":"http:\/\/www.nationalturk.com\/?p=124998"},"modified":"2012-12-13T16:23:06","modified_gmt":"2012-12-13T14:23:06","slug":"nato-genel-sekreteri-suriye-rejimi-cokmek-uzere-son-dakika-124998","status":"publish","type":"post","link":"https:\/\/www.nationalturk.com\/tr\/nato-genel-sekreteri-suriye-rejimi-cokmek-uzere-son-dakika-124998\/","title":{"rendered":"NATO Genel Sekreteri: Suriye rejimi \u00e7\u00f6kmek \u00fczere \/ Son Dakika"},"content":{"rendered":"<h1><img loading=\"lazy\" decoding=\"async\" class=\"alignleft size-medium wp-image-124999\" alt=\"Be\u015far Esad\" src=\"http:\/\/www.nationalturk.com\/tr\/wp-content\/uploads\/2012\/12\/besar_esad___konusma-280x168.jpg\" width=\"280\" height=\"168\" title=\"\" srcset=\"https:\/\/www.nationalturk.com\/tr\/wp-content\/uploads\/2012\/12\/besar_esad___konusma-280x168.jpg 280w, https:\/\/www.nationalturk.com\/tr\/wp-content\/uploads\/2012\/12\/besar_esad___konusma.jpg 460w\" sizes=\"auto, (max-width: 280px) 100vw, 280px\" \/>Rusya D\u0131\u015fi\u015fleri Bakan yard\u0131mc\u0131s\u0131n\u0131n Be\u015far Esad&#8217;\u0131n Suriye&#8217;de kontrol\u00fc kaybetmeye ba\u015flad\u0131\u011f\u0131n\u0131 a\u00e7\u0131klamas\u0131n\u0131n ard\u0131ndan NATO Genel Sekreteri Anders Fogh Rasmussen de &#8216;Suriye rejimi \u00e7\u00f6kmeye yak\u0131n&#8217; dedi.<\/h1>\n<p>ATO Genel Sekreteri Anders Fogh Rasmussen, Esed rejiminin \u00e7\u00f6k\u00fc\u015fe yakla\u015ft\u0131\u011f\u0131n\u0131, bunun ger\u00e7ekle\u015fmesinin zaman meselesi oldu\u011funu s\u00f6yledi.<br \/>\nHollanda Ba\u015fbakan\u0131 Mark Rutte&#8217;yle g\u00f6r\u00fc\u015fen Rasmussen, d\u00fczenlenen ortak bas\u0131n toplant\u0131s\u0131nda, Esed rejimini bir an \u00f6nce ger\u00e7eklerin fark\u0131na var\u0131p \u015fiddete son vermesi ve halk\u0131n\u0131n me\u015fru \u00f6zlemlerini kar\u015f\u0131layacak siyasi s\u00fcreci ba\u015flatmas\u0131 konusunda uyard\u0131.<\/p>\n<p>Rasmussen, \u015eam y\u00f6netiminin Scud f\u00fczeleri kulland\u0131\u011f\u0131 y\u00f6n\u00fcndeki haberlerle ilgili, &#8220;\u0130stihbarat raporlar\u0131yla ilgili asla yorum yapm\u0131yoruz ama bu hafta daha \u00f6nce Suriye i\u00e7inde g\u00fcd\u00fcms\u00fcz, k\u0131sa menzilli bir miktar f\u00fczenin ate\u015flendi\u011fini tespit ettik. Bu f\u00fczeler Suriye i\u00e7inden ate\u015flendi ve yine Suriye&#8217;yi etkiledi. Ba\u015fka bir deyi\u015fle kom\u015fu topraklara hi\u00e7bir f\u00fcze d\u00fc\u015fmedi. F\u00fczelerin tipini do\u011frulayamam ama (elimizdeki) baz\u0131 bilgiler Scud tipi f\u00fczeler oldu\u011funu g\u00f6steriyor. Bu t\u00fcr ayr\u0131m g\u00f6zetmeyen silahlar\u0131n kullan\u0131lmas\u0131 Suriye halk\u0131n\u0131n hayat\u0131na hi\u00e7bir sayg\u0131 g\u00f6sterilmedi\u011fini ispatl\u0131yor. Bu umursamazl\u0131\u011f\u0131 \u015fiddetle k\u0131n\u0131yorum&#8221; dedi.<\/p>\n<p>Rasmussen, T\u00fcrkiye&#8217;ye Patriot g\u00f6nderme karar\u0131 nedeniyle Rutte&#8217;ye te\u015fekk\u00fcr etti.<br \/>\nMark Rutte ise T\u00fcrkiye&#8217;ye ilk a\u015famada 1 y\u0131l s\u00fcreli\u011fine 2 Patriot bataryas\u0131 g\u00f6ndermeyi planlad\u0131klar\u0131n\u0131 s\u00f6yledi.<br \/>\nRutte, bunlar\u0131n nereye konu\u015fland\u0131r\u0131laca\u011f\u0131n\u0131 T\u00fcrkiye, Almanya ve ABD&#8217;yle birlikte kararla\u015ft\u0131racaklar\u0131n\u0131 ve kendi g\u00f6nderecekleri Patriotlar\u0131n Ocak sonunda aktif hale gelece\u011fini ifade etti.<\/p>\n<p>Rusya D\u0131\u015fi\u015fleri Bakan\u0131 Yard\u0131mc\u0131s\u0131 Mikhail Bogdanov, Suriye Devlet Ba\u015fkan\u0131 Be\u015far Esad&#8217;\u0131n \u00fclkesinde kontrol\u00fc kaybetmekte oldu\u011funu ifade etti. Bo\u011fdanov, ikinci y\u0131l\u0131na yakla\u015fan \u00e7at\u0131\u015fmalarda muhaliflerin m\u00fccadeleyi &#8220;kazanabileceklerini&#8221; s\u00f6yledi.<\/p>\n<p>Ayn\u0131 zamanda Devlet Ba\u015fkan\u0131 Vladimir Putin&#8217;in Ortado\u011fu \u00d6zel Temsilcisi olan Mihail Bogdanov ge\u00e7ti\u011fimiz aylarda \u015eam&#8217;a giderek Esad&#8217;la bir araya gelmi\u015fti.<\/p>\n<p>Bogdanov, Rus devlet haber ajans\u0131 Itar-Tass&#8217;a yapt\u0131\u011f\u0131 a\u00e7\u0131klamada, Suriye Eylem Grubu&#8217;nun yeniden toplanmas\u0131n\u0131 \u00fcmit ettiklerini belirterek, BM ve Arap Birli\u011fi Suriye \u00d6zel Temsilci \u0130brahimi&#8217;nin misyonunun desteklenmesi gerekti\u011fini kaydetti.<\/p>\n<p>Cenevre&#8217;de var\u0131lan mutabakat temelinde soruna \u00e7\u00f6z\u00fcm bulunabilece\u011fini vurgulayan Bogdanov, &#8220;\u015eunu da belirtmeliyiz ki, Suriye rejimi ve h\u00fck\u00fcmeti \u00fclkede kontrol\u00fc giderek kaybediyor. Muhaliflerin zafer kazanabilece\u011fini g\u00f6z ard\u0131 edemeyiz&#8221; dedi.<\/p>\n<!-- Error, Advert is not available at this time due to schedule\/geolocation restrictions! -->\n","protected":false},"excerpt":{"rendered":"<p>Rusya D\u0131\u015fi\u015fleri Bakan yard\u0131mc\u0131s\u0131n\u0131n Be\u015far Esad&#8217;\u0131n Suriye&#8217;de kontrol\u00fc kaybetmeye ba\u015flad\u0131\u011f\u0131n\u0131 a\u00e7\u0131klamas\u0131n\u0131n ard\u0131ndan NATO Genel Sekreteri Anders Fogh Rasmussen de &#8216;Suriye rejimi \u00e7\u00f6kmeye yak\u0131n&#8217; dedi.<\/p>\n","protected":false},"author":4,"featured_media":181172,"comment_status":"open","ping_status":"open","sticky":false,"template":"","format":"standard","meta":{"_acf_changed":false,"footnotes":""},"categories":[6769,6665,6155,5005,6772,6202,349],"tags":[31648,118142,31346,118138,721,105379,75557,109709],"class_list":["post-124998","post","type-post","status-publish","format-standard","has-post-thumbnail","hentry","category-asya","category-dunya","category-gundem","category-manset","category-ortadogu","category-politika","category-son-dakika","tag-besar-esad","tag-mikhail-bogdanov","tag-nato","tag-nato-suriye","tag-rusya","tag-rusya-suriye","tag-suriye-muhalifler","tag-suriye-son-dakika"],"acf":[],"_links":{"self":[{"href":"https:\/\/www.nationalturk.com\/tr\/wp-json\/wp\/v2\/posts\/124998","targetHints":{"allow":["GET"]}}],"collection":[{"href":"https:\/\/www.nationalturk.com\/tr\/wp-json\/wp\/v2\/posts"}],"about":[{"href":"https:\/\/www.nationalturk.com\/tr\/wp-json\/wp\/v2\/types\/post"}],"author":[{"embeddable":true,"href":"https:\/\/www.nationalturk.com\/tr\/wp-json\/wp\/v2\/users\/4"}],"replies":[{"embeddable":true,"href":"https:\/\/www.nationalturk.com\/tr\/wp-json\/wp\/v2\/comments?post=124998"}],"version-history":[{"count":0,"href":"https:\/\/www.nationalturk.com\/tr\/wp-json\/wp\/v2\/posts\/124998\/revisions"}],"wp:featuredmedia":[{"embeddable":true,"href":"https:\/\/www.nationalturk.com\/tr\/wp-json\/wp\/v2\/media\/181172"}],"wp:attachment":[{"href":"https:\/\/www.nationalturk.com\/tr\/wp-json\/wp\/v2\/media?parent=124998"}],"wp:term":[{"taxonomy":"category","embeddable":true,"href":"https:\/\/www.nationalturk.com\/tr\/wp-json\/wp\/v2\/categories?post=124998"},{"taxonomy":"post_tag","embeddable":true,"href":"https:\/\/www.nationalturk.com\/tr\/wp-json\/wp\/v2\/tags?post=124998"}],"curies":[{"name":"wp","href":"https:\/\/api.w.org\/{rel}","templated":true}]}}