{"id":125028,"date":"2012-12-14T10:30:15","date_gmt":"2012-12-14T08:30:15","guid":{"rendered":"http:\/\/www.nationalturk.com\/?p=125028"},"modified":"2012-12-14T10:30:15","modified_gmt":"2012-12-14T08:30:15","slug":"beyoglunda-yangin-3-katli-ahsap-bina-kul-oldu-video-125028","status":"publish","type":"post","link":"https:\/\/www.nationalturk.com\/tr\/beyoglunda-yangin-3-katli-ahsap-bina-kul-oldu-video-125028\/","title":{"rendered":"Beyo\u011flu&#8217;nda yang\u0131n! 3 katl\u0131 ah\u015fap bina k\u00fcl oldu (Video)"},"content":{"rendered":"<h1><img loading=\"lazy\" decoding=\"async\" class=\"alignleft size-medium wp-image-125029\" alt=\"Beyo\u011flu&#039;nda yang\u0131n\" src=\"http:\/\/www.nationalturk.com\/tr\/wp-content\/uploads\/2012\/12\/yangin_beyoglu-e1355473531819-280x203.jpg\" width=\"280\" height=\"203\" title=\"\" srcset=\"https:\/\/www.nationalturk.com\/tr\/wp-content\/uploads\/2012\/12\/yangin_beyoglu-e1355473531819-280x203.jpg 280w, https:\/\/www.nationalturk.com\/tr\/wp-content\/uploads\/2012\/12\/yangin_beyoglu-e1355473531819.jpg 331w\" sizes=\"auto, (max-width: 280px) 100vw, 280px\" \/>Beyo\u011flu\u2019nda 3 katl\u0131 ah\u015fap bir bina alev alev yand\u0131. Olayda can kayb\u0131 ve yaralanma ya\u015fanmad\u0131 ancak b\u00fcy\u00fck \u00e7apta maddi hasar olu\u015ftu. \/\u00a0Beyo\u011flu&#8217;nda yang\u0131n! 3 katl\u0131 ah\u015fap bina k\u00fcl oldu (Video)<\/h1>\n<p>Al\u0131nan bilgilere g\u00f6re bu sabaha kar\u015f\u0131 Beyo\u011flu Yeni\u015fehir Mahallesi Av\u015far Sokak\u2019ta meydana gelen olayda elektrik konta\u011f\u0131ndan \u00e7\u0131kt\u0131\u011f\u0131 tahmin edilen yang\u0131n, k\u0131sa s\u00fcrede b\u00fcy\u00fcd\u00fc.<\/p>\n<p>\u0130tfaiye ekipleri yang\u0131n\u0131 s\u00f6nd\u00fcrmekte g\u00fc\u00e7l\u00fck \u00e7ekerken mahallede b\u00fcy\u00fck panik ya\u015fand\u0131.<\/p>\n<p>Binada yabanc\u0131 uyruklu \u015fah\u0131slar\u0131n ya\u015fad\u0131klar\u0131 iddia edildi. Afrika k\u00f6kenli bir aile, yang\u0131nda e\u015fyalar\u0131n\u0131 kaybettiklerini s\u00f6yledi. Afrikal\u0131 bir kad\u0131n \u00e7ocu\u011funu ve e\u015fini g\u00f6stererek b\u00fcy\u00fck \u00fcz\u00fcnt\u00fc ya\u015fad\u0131. Polis ekipleri olayla ilgili geni\u015f \u00e7apl\u0131 soru\u015fturma ba\u015flatt\u0131.<\/p>\n<h2>Beyo\u011flu&#8217;nda yang\u0131n \/ Video;<\/h2>\n[media id=1940 width=610 height=340]\n<p>&nbsp;<\/p>\n<p>&nbsp;<\/p>\n<!-- Error, Advert is not available at this time due to schedule\/geolocation restrictions! -->\n","protected":false},"excerpt":{"rendered":"<p>Beyo\u011flu\u2019nda 3 katl\u0131 ah\u015fap bir bina alev alev yand\u0131. Olayda can kayb\u0131 ve yaralanma ya\u015fanmad\u0131 ancak b\u00fcy\u00fck \u00e7apta maddi hasar olu\u015ftu. \/ Beyo\u011flu&#8217;nda yang\u0131n! 3 katl\u0131 ah\u015fap bina k\u00fcl oldu (Video)<\/p>\n","protected":false},"author":4,"featured_media":181166,"comment_status":"open","ping_status":"open","sticky":false,"template":"","format":"standard","meta":{"_acf_changed":false,"footnotes":""},"categories":[6155,5005,349,6805,342],"tags":[80088,489,33541,72046,40970],"class_list":["post-125028","post","type-post","status-publish","format-standard","has-post-thumbnail","hentry","category-gundem","category-manset","category-son-dakika","category-turkiye","category-video","tag-ahsap-bina-yangin","tag-beyoglu","tag-beyoglu-yangin","tag-beyoglunda-yangin","tag-yenisehir"],"acf":[],"_links":{"self":[{"href":"https:\/\/www.nationalturk.com\/tr\/wp-json\/wp\/v2\/posts\/125028","targetHints":{"allow":["GET"]}}],"collection":[{"href":"https:\/\/www.nationalturk.com\/tr\/wp-json\/wp\/v2\/posts"}],"about":[{"href":"https:\/\/www.nationalturk.com\/tr\/wp-json\/wp\/v2\/types\/post"}],"author":[{"embeddable":true,"href":"https:\/\/www.nationalturk.com\/tr\/wp-json\/wp\/v2\/users\/4"}],"replies":[{"embeddable":true,"href":"https:\/\/www.nationalturk.com\/tr\/wp-json\/wp\/v2\/comments?post=125028"}],"version-history":[{"count":0,"href":"https:\/\/www.nationalturk.com\/tr\/wp-json\/wp\/v2\/posts\/125028\/revisions"}],"wp:featuredmedia":[{"embeddable":true,"href":"https:\/\/www.nationalturk.com\/tr\/wp-json\/wp\/v2\/media\/181166"}],"wp:attachment":[{"href":"https:\/\/www.nationalturk.com\/tr\/wp-json\/wp\/v2\/media?parent=125028"}],"wp:term":[{"taxonomy":"category","embeddable":true,"href":"https:\/\/www.nationalturk.com\/tr\/wp-json\/wp\/v2\/categories?post=125028"},{"taxonomy":"post_tag","embeddable":true,"href":"https:\/\/www.nationalturk.com\/tr\/wp-json\/wp\/v2\/tags?post=125028"}],"curies":[{"name":"wp","href":"https:\/\/api.w.org\/{rel}","templated":true}]}}