{"id":125048,"date":"2012-12-14T12:05:06","date_gmt":"2012-12-14T10:05:06","guid":{"rendered":"http:\/\/www.nationalturk.com\/?p=125048"},"modified":"2012-12-14T13:30:40","modified_gmt":"2012-12-14T11:30:40","slug":"abd-savunma-bakani-incirlikte-son-dakika-125048","status":"publish","type":"post","link":"https:\/\/www.nationalturk.com\/tr\/abd-savunma-bakani-incirlikte-son-dakika-125048\/","title":{"rendered":"ABD Savunma Bakan\u0131 \u0130ncirlik&#8217;te \/ Son Dakika"},"content":{"rendered":"<h1><img loading=\"lazy\" decoding=\"async\" class=\"alignleft size-medium wp-image-125050\" alt=\"leon_panetta\" src=\"http:\/\/www.nationalturk.com\/tr\/wp-content\/uploads\/2012\/12\/leon_panetta-280x160.jpg\" width=\"280\" height=\"160\" title=\"\" srcset=\"https:\/\/www.nationalturk.com\/tr\/wp-content\/uploads\/2012\/12\/leon_panetta-280x160.jpg 280w, https:\/\/www.nationalturk.com\/tr\/wp-content\/uploads\/2012\/12\/leon_panetta.jpg 475w\" sizes=\"auto, (max-width: 280px) 100vw, 280px\" \/>ABD Savunma Bakan\u0131 Leon Panetta, T\u00fcrkiye&#8217;ye Patriot bataryalar\u0131 ve 400 asker g\u00f6nderilmesini \u00f6ng\u00f6ren d\u00fczenlemeyi imzalad\u0131ktan sonra \u0130ncirlik \u00fcss\u00fcne s\u00fcrpriz bir ziyaret ger\u00e7ekle\u015ftirdi.<\/h1>\n<p>Savunma Bakanl\u0131\u011f\u0131 s\u00f6zc\u00fcs\u00fc George Little, ABD Savunma Bakan\u0131 Leon Panetta&#8217;n\u0131n T\u00fcrkiye&#8217;ye 2 Patriot bataryas\u0131 ve 400 asker g\u00f6nderilmesine onay verdi\u011fini a\u00e7\u0131klad\u0131.\u00a0Little, &#8220;Panetta&#8217;n\u0131n &#8220;T\u00fcrkiye&#8217;ye 2 Patriot bataryas\u0131 ve 400 asker&#8221;e onay vermesi, ABD&#8217;nin NATO&#8217;daki m\u00fcttefikleriyle yak\u0131n \u00e7al\u0131\u015ft\u0131\u011f\u0131 ve Suriye&#8217;den gelecek olas\u0131 bir sald\u0131r\u0131ya kar\u015f\u0131 T\u00fcrkiye&#8217;nin savunmas\u0131na g\u00fc\u00e7l\u00fc bir destek verdi\u011fini g\u00f6steriyor&#8221; dedi.<\/p>\n<p>Amerikan New York Times gazetesi, Almanya ve Hollanda&#8217;dan sonra ABD&#8217;nin de T\u00fcrkiye&#8217;ye 2 Patriot bataryas\u0131 ve 400 asker g\u00f6nderece\u011fini yazm\u0131\u015ft\u0131.<\/p>\n<p>NATO \u015femsiyesi alt\u0131nda T\u00fcrkiye&#8217;ye hava savunma deste\u011fi veren \u00fclkelerden Almanya Patriot&#8217;larla birlikte 400, Hollanda ise 360 asker g\u00f6ndermeye karar vermi\u015fti. ABD gibi Almanya ve Hollanda da T\u00fcrkiye&#8217;ye iki\u015fer Patriot f\u00fcze bataryas\u0131 g\u00f6nderecek.<\/p>\n<p>ABD Savunma Bakan\u0131 Leon Panetta, Adana&#8217;daki 10. Tanker \u00dcs Komutanl\u0131\u011f\u0131&#8217;nda konu\u015flu 39. Wing Komutanl\u0131\u011f\u0131 yetkilileriyle g\u00f6r\u00fc\u015ferek askerleri ziyaret etti.<\/p>\n<p>AA muhabirinin ald\u0131\u011f\u0131 bilgilere g\u00f6re, d\u00fcn Afganistan&#8217;da bir dizi temaslarda bulunan ve Afganistan Devlet Ba\u015fkan\u0131 Hamid Karzai ile Saavunma Bakan\u0131 Bismillah Muhammedi ile bir araya gelen ABD Savunma Bakan\u0131 Leon Panetta, bug\u00fcn u\u00e7akla geldi\u011fi \u0130ncirlik&#8217;teki 10. Tanker \u00dcs Komutanl\u0131\u011f\u0131&#8217;nda konu\u015flu 39. Wing Komutanl\u0131\u011f\u0131 yetkilileri ile g\u00f6r\u00fc\u015ft\u00fc.<br \/>\nBurada bir s\u00fcre kalan Panetta&#8217;n\u0131n, ayn\u0131 zamanda Noel nedeniyle \u00fcstte bulunan ABD askerlerine moral ziyaretinde bulundu\u011fu \u00f6\u011frenildi.<\/p>\n<p>Panetta, ziyaretinin ard\u0131ndan u\u00e7akla \u00fcstten ayr\u0131ld\u0131.<\/p>\n<p>Panetta, bu sabah CBS televizyonuna yapt\u0131\u011f\u0131 a\u00e7\u0131klamada, T\u00fcrkiye&#8217;ye iki patriot sisteminin konu\u015fland\u0131r\u0131lmas\u0131, ayr\u0131ca 400 askerin bu g\u00f6rev i\u00e7in T\u00fcrkiye&#8217;ye g\u00f6nderilmesini i\u00e7eren karar\u0131 imzalad\u0131\u011f\u0131n\u0131 a\u00e7\u0131klam\u0131\u015ft\u0131.<\/p>\n<!-- Error, Advert is not available at this time due to schedule\/geolocation restrictions! -->\n<p>&nbsp;<\/p>\n","protected":false},"excerpt":{"rendered":"<p>ABD Savunma Bakan\u0131 Leon Panetta, T\u00fcrkiye&#8217;ye Patriot bataryalar\u0131 ve 400 asker g\u00f6nderilmesini \u00f6ng\u00f6ren d\u00fczenlemeyi imzalad\u0131ktan sonra \u0130ncirlik \u00fcss\u00fcne s\u00fcrpriz bir ziyaret ger\u00e7ekle\u015ftirdi.<\/p>\n","protected":false},"author":4,"featured_media":181162,"comment_status":"open","ping_status":"open","sticky":false,"template":"","format":"standard","meta":{"_acf_changed":false,"footnotes":""},"categories":[6155,5005,6202,349,6805],"tags":[1887,58828,95680,15729,84895,87958,13379,116070],"class_list":["post-125048","post","type-post","status-publish","format-standard","has-post-thumbnail","hentry","category-gundem","category-manset","category-politika","category-son-dakika","category-turkiye","tag-abd","tag-abd-savunma-bakani","tag-george-little","tag-incirlik-ussu","tag-leon-panetta","tag-leon-panetta-turkiye","tag-patriot","tag-patriot-turkiye"],"acf":[],"_links":{"self":[{"href":"https:\/\/www.nationalturk.com\/tr\/wp-json\/wp\/v2\/posts\/125048","targetHints":{"allow":["GET"]}}],"collection":[{"href":"https:\/\/www.nationalturk.com\/tr\/wp-json\/wp\/v2\/posts"}],"about":[{"href":"https:\/\/www.nationalturk.com\/tr\/wp-json\/wp\/v2\/types\/post"}],"author":[{"embeddable":true,"href":"https:\/\/www.nationalturk.com\/tr\/wp-json\/wp\/v2\/users\/4"}],"replies":[{"embeddable":true,"href":"https:\/\/www.nationalturk.com\/tr\/wp-json\/wp\/v2\/comments?post=125048"}],"version-history":[{"count":0,"href":"https:\/\/www.nationalturk.com\/tr\/wp-json\/wp\/v2\/posts\/125048\/revisions"}],"wp:featuredmedia":[{"embeddable":true,"href":"https:\/\/www.nationalturk.com\/tr\/wp-json\/wp\/v2\/media\/181162"}],"wp:attachment":[{"href":"https:\/\/www.nationalturk.com\/tr\/wp-json\/wp\/v2\/media?parent=125048"}],"wp:term":[{"taxonomy":"category","embeddable":true,"href":"https:\/\/www.nationalturk.com\/tr\/wp-json\/wp\/v2\/categories?post=125048"},{"taxonomy":"post_tag","embeddable":true,"href":"https:\/\/www.nationalturk.com\/tr\/wp-json\/wp\/v2\/tags?post=125048"}],"curies":[{"name":"wp","href":"https:\/\/api.w.org\/{rel}","templated":true}]}}