{"id":125208,"date":"2012-12-17T10:40:48","date_gmt":"2012-12-17T08:40:48","guid":{"rendered":"http:\/\/www.nationalturk.com\/?p=125208"},"modified":"2023-08-09T18:38:51","modified_gmt":"2023-08-09T15:38:51","slug":"kayseri-trafik-kazasi-mustafa-devir-125208","status":"publish","type":"post","link":"https:\/\/www.nationalturk.com\/tr\/kayseri-trafik-kazasi-mustafa-devir-125208\/","title":{"rendered":"Kayseri&#8217;de trafik kazas\u0131: 1 \u00f6l\u00fc"},"content":{"rendered":"<h1><img loading=\"lazy\" decoding=\"async\" class=\"alignleft size-medium wp-image-125209\" alt=\"\" src=\"http:\/\/www.nationalturk.com\/tr\/wp-content\/uploads\/2012\/12\/trafik_canavari1-220x220.jpg\" width=\"220\" height=\"220\" title=\"\" srcset=\"https:\/\/www.nationalturk.com\/tr\/wp-content\/uploads\/2012\/12\/trafik_canavari1-220x220.jpg 220w, https:\/\/www.nationalturk.com\/tr\/wp-content\/uploads\/2012\/12\/trafik_canavari1-50x50.jpg 50w, https:\/\/www.nationalturk.com\/tr\/wp-content\/uploads\/2012\/12\/trafik_canavari1-400x400.jpg 400w, https:\/\/www.nationalturk.com\/tr\/wp-content\/uploads\/2012\/12\/trafik_canavari1.jpg 500w\" sizes=\"auto, (max-width: 220px) 100vw, 220px\" \/>Kayseri Melikgazi&#8217;de iki otomobilin \u00e7arp\u0131\u015fmas\u0131yla meydana gelen trafik kazas\u0131nda Mustafa Devir (53) hayat\u0131n\u0131 kaybetti, 2 ki\u015fi de yaraland\u0131. \/\u00a0Kayseri&#8217;de trafik kazas\u0131: 1 \u00f6l\u00fc&#8230;<\/h1>\n<p>Al\u0131nan bilgilere g\u00f6re Kayseri merkez\u00a0Melikgazi \u0130l\u00e7esi A\u015f\u0131kveysel Bulvar\u0131&#8217;nda meydana gelen trafik kazas\u0131nda Volkan Karsl\u0131 (18) y\u00f6netimindeki 38 PF 229 plakal\u0131 otomobil ile Mustafa Devir (53) idaresindeki 38 HD 820 plakal\u0131 otomobil \u00e7arp\u0131\u015ft\u0131.<\/p>\n<p>Mustafa Devir trafik kazas\u0131nda hayat\u0131n\u0131 kaybederken Volkan Karsl\u0131 ve ayn\u0131 otomobilde bulunan Ali Y\u0131lmaz (19) yaraland\u0131.<br \/>\nYaral\u0131lar olay yerine gelen 112 ekiplerince Kayseri E\u011fitim ve Ara\u015ft\u0131rma Hastanesi&#8217;ne kald\u0131r\u0131ld\u0131. Mustafa Devir&#8217;in cesedi ise otopsi i\u00e7in Kayseri E\u011fitim ve Ara\u015ft\u0131rma Hastanesi morguna kald\u0131r\u0131ld\u0131.<\/p>\n<!-- Error, Advert is not available at this time due to schedule\/geolocation restrictions! -->\n","protected":false},"excerpt":{"rendered":"<p>Kayseri Melikgazi&#8217;de iki otomobilin \u00e7arp\u0131\u015fmas\u0131yla meydana gelen trafik kazas\u0131nda Mustafa Devir (53) hayat\u0131n\u0131 kaybetti, 2 ki\u015fi de yaraland\u0131. \/ Kayseri&#8217;de trafik kazas\u0131: 1 \u00f6l\u00fc&#8230;<\/p>\n","protected":false},"author":4,"featured_media":181133,"comment_status":"open","ping_status":"open","sticky":false,"template":"","format":"standard","meta":{"_acf_changed":false,"footnotes":""},"categories":[349,221271,6805],"tags":[1267,36952,27382,20401],"class_list":["post-125208","post","type-post","status-publish","format-standard","has-post-thumbnail","hentry","category-son-dakika","category-trafik-kazasi-haberleri","category-turkiye","tag-kayseri","tag-kayseri-trafik-kazasi","tag-son-dakika","tag-trafik-kazasi"],"acf":[],"_links":{"self":[{"href":"https:\/\/www.nationalturk.com\/tr\/wp-json\/wp\/v2\/posts\/125208","targetHints":{"allow":["GET"]}}],"collection":[{"href":"https:\/\/www.nationalturk.com\/tr\/wp-json\/wp\/v2\/posts"}],"about":[{"href":"https:\/\/www.nationalturk.com\/tr\/wp-json\/wp\/v2\/types\/post"}],"author":[{"embeddable":true,"href":"https:\/\/www.nationalturk.com\/tr\/wp-json\/wp\/v2\/users\/4"}],"replies":[{"embeddable":true,"href":"https:\/\/www.nationalturk.com\/tr\/wp-json\/wp\/v2\/comments?post=125208"}],"version-history":[{"count":0,"href":"https:\/\/www.nationalturk.com\/tr\/wp-json\/wp\/v2\/posts\/125208\/revisions"}],"wp:featuredmedia":[{"embeddable":true,"href":"https:\/\/www.nationalturk.com\/tr\/wp-json\/wp\/v2\/media\/181133"}],"wp:attachment":[{"href":"https:\/\/www.nationalturk.com\/tr\/wp-json\/wp\/v2\/media?parent=125208"}],"wp:term":[{"taxonomy":"category","embeddable":true,"href":"https:\/\/www.nationalturk.com\/tr\/wp-json\/wp\/v2\/categories?post=125208"},{"taxonomy":"post_tag","embeddable":true,"href":"https:\/\/www.nationalturk.com\/tr\/wp-json\/wp\/v2\/tags?post=125208"}],"curies":[{"name":"wp","href":"https:\/\/api.w.org\/{rel}","templated":true}]}}