{"id":125248,"date":"2012-12-17T17:48:01","date_gmt":"2012-12-17T15:48:01","guid":{"rendered":"http:\/\/www.nationalturk.com\/?p=125248"},"modified":"2012-12-21T16:56:16","modified_gmt":"2012-12-21T14:56:16","slug":"kuba-fidel-castro-zafere-kadar-daima-125248","status":"publish","type":"post","link":"https:\/\/www.nationalturk.com\/tr\/kuba-fidel-castro-zafere-kadar-daima-125248\/","title":{"rendered":"Fidel Castro: Zafere Kadar Daima"},"content":{"rendered":"<figure id=\"attachment_125278\" aria-describedby=\"caption-attachment-125278\" style=\"width: 630px\" class=\"wp-caption alignnone\"><img loading=\"lazy\" decoding=\"async\" class=\"size-full wp-image-125278\" alt=\"Fidel Castro \" src=\"http:\/\/www.nationalturk.com\/tr\/wp-content\/uploads\/2012\/12\/fidel-castro-latina-nationalturk.jpg\" width=\"630\" height=\"359\" title=\"\" srcset=\"https:\/\/www.nationalturk.com\/tr\/wp-content\/uploads\/2012\/12\/fidel-castro-latina-nationalturk.jpg 630w, https:\/\/www.nationalturk.com\/tr\/wp-content\/uploads\/2012\/12\/fidel-castro-latina-nationalturk-280x159.jpg 280w, https:\/\/www.nationalturk.com\/tr\/wp-content\/uploads\/2012\/12\/fidel-castro-latina-nationalturk-610x347.jpg 610w\" sizes=\"auto, (max-width: 630px) 100vw, 630px\" \/><figcaption id=\"caption-attachment-125278\" class=\"wp-caption-text\">K\u00fcba&#8217;n\u0131n Efsane Lideri Fidel Castro Ruz<\/figcaption><\/figure>\n<p><strong>D\u00fcnya \u00fczerinde ki ya\u015fayan en b\u00fcy\u00fck lider say\u0131lan K\u00fcba Devriminin efsane lideri Fidel Castro, (ALBA)\u2019n\u0131n kurulu\u015funun 8. Y\u0131l D\u00f6n\u00fcm\u00fc sebebiyle d\u00fcn Venezuela Devlet Ba\u015fkan Yard\u0131mc\u0131s\u0131 Nicolas Maduro\u2019ya bir tebrik mesaj\u0131 yollad\u0131.<\/strong><br \/>\n<strong> Tebrik mesaj\u0131n ba\u015fl\u0131\u011f\u0131 ise \u201cBizim Amerika&#8217;m\u0131z\u0131n halklar\u0131 i\u00e7in Bolivarc\u0131 \u0130ttifak\u201d idi.<\/strong><\/p>\n<p>Karakas\u2019ta Bolivar Meydan\u0131\u2019nda okunan Fidel Castro\u2019nun Latin Amerika i\u00e7in birlik beraberlik mesaj\u0131n\u0131n tam metni:<\/p>\n<p>Say\u0131n Nicolas Maduro;<\/p>\n<p>Bug\u00fcnk\u00fc y\u0131ld\u00f6n\u00fcmleri vesilesiyle bu mesaj\u0131 kaleme al\u0131rken, sizinle 8 milyondan fazla Venezuela\u2019n\u0131n oyunu ve deste\u011fini alm\u0131\u015f Ba\u015fkan\u2019\u0131n bu kutlamalar s\u0131ras\u0131nda orada sizlerle olamay\u0131\u015f\u0131n\u0131n bizleri ne kadar sarst\u0131\u011f\u0131n\u0131 ve i\u00e7imizi \u00fcz\u00fcnt\u00fcyle doldurdu\u011funu ifade etmek isterim.<\/p>\n<p>Ben Hugo Chavez ile bundan 18 y\u0131l \u00f6nce kendisinin K\u00fcba\u2019ya davet edilmesi ve kendisinin de kabul edip, gelmesi sonucu tan\u0131\u015ft\u0131m. Kendisi baz\u0131 fikirleri oldu\u011funu ve benimle konu\u015fmak istedi\u011fini iletmi\u015f. Ben, bas\u0131n raporlar\u0131na g\u00f6re darbeci bir subay olan Chavez\u2019in, asl\u0131nda fikirlerini ayr\u0131ks\u0131 g\u00f6ren elit bir Bolivarc\u0131 devrimci grubun lideri oldu\u011funu onunla g\u00f6r\u00fc\u015fmeden \u00f6nce tasavvur edememi\u015ftim. Chavez\u2019i havaliman\u0131nda kar\u015f\u0131lad\u0131m ve ona kalaca\u011f\u0131 yere kadar e\u015flik edip orada onunla saatlerce g\u00f6r\u00fc\u015f\u00fcp fikir al\u0131\u015fveri\u015finde bulundum.<\/p>\n<p>Ertesi g\u00fcn Havana \u00dcniversitesi\u2019nin ana amfisinde herkes onun fikirlerini dile getiriyordu.<\/p>\n<p>Tabiki g\u00f6r\u00fc\u015flerimiz politik fikirler ve ideolojiler konusunda ayr\u0131\u015f\u0131yordu ama biz onlara tak\u0131lmad\u0131k ve ili\u015fkilerimizi geli\u015ftirdik.<\/p>\n<p>Venezuela ile sa\u011fl\u0131k alan\u0131ndaki ili\u015fkilerimiz Venezuela\u2019da binlerce ki\u015finin \u00f6ld\u00fc\u011f\u00fc Vargas do\u011fal afetinden sonra ba\u015flad\u0131. Vargas, Venezuela\u2019n\u0131n en fakir kalm\u0131\u015f ve kimsenin bir \u00f6nlem almad\u0131\u011f\u0131 b\u00f6lgesiydi.<\/p>\n<p>Bu s\u0131rada Venezuela, \u00f6zellikle Karayipler, orta Amerika ve G\u00fcney Amerika halklar\u0131n\u0131 desteklemeye ba\u015flad\u0131.<\/p>\n<p>Buna paralel \u015fekilde Venezuela; Bolivya, Ekvator, Brezilya, Uruguay, Arjantin ve di\u011fer b\u00f6lge \u00fclkeleri yan\u0131 s\u0131ra; Rusya, Ukrayna, Belarus ve di\u011fer eski Sovyet Cumhuriyetleri ile ili\u015fkilerini geli\u015ftirdi. Bunu yaparken Libya\u2019y\u0131 veya Filistini atlamad\u0131. \u00c7in ile ekonomik ve politik ili\u015fkilerine \u00f6nem verdi. Afika\u2019ya yard\u0131m etmeye \u00e7al\u0131\u015ft\u0131 ve b\u00fct\u00fcn \u00fclkelerle dost\u00e7a ili\u015fkiler geli\u015ftirmeye \u00e7al\u0131\u015ft\u0131.<\/p>\n<p>Hugo Chavez, b\u00fct\u00fcn d\u00fcnyada hayranl\u0131k ve sayg\u0131 g\u00f6ren bir lider oldu.<\/p>\n<p>Herkes ve hatta baz\u0131 kar\u015f\u0131tlar\u0131 bile kendisinin bir an \u00f6nce iyile\u015fmesini diliyor ve doktorlar b\u00fcy\u00fck bir umutla bunu m\u00fcmk\u00fcn k\u0131lmaya \u00e7al\u0131\u015f\u0131yor.<\/p>\n<p>Herkes\u00e7e bilindi\u011fi \u00fczere b\u00fct\u00fcn K\u00fcba\u2019l\u0131 devrimciler Jose Marti ve Simon Bolivar\u2019\u0131n fikirlerini destekler ve izler. Ben, sizin onunla veya onsuz bir \u015fekilde, onun yoklu\u011fu ne kadar ac\u0131 verici olsa da, onun ba\u015flatt\u0131\u011f\u0131 \u00e7al\u0131\u015fmalar\u0131 s\u00fcrd\u00fcrece\u011finize inan\u0131yorum.<\/p>\n<p><strong>\u00c7ok Ya\u015fa Hugo Chavez<\/strong><\/p>\n<p><strong>Zafere Kadar Daima<\/strong><\/p>\n<p><strong>Fidel Castro Ruz<\/strong><br \/>\nKarakas, 16 Aral\u0131k \/ NationalTurk &#8211;<\/p>\n<!-- Error, Advert is not available at this time due to schedule\/geolocation restrictions! -->\n<!-- Error, Advert is not available at this time due to schedule\/geolocation restrictions! -->\n","protected":false},"excerpt":{"rendered":"<p>Fidel Castro Zafere Kadar Daima, K\u00fcba Devriminin efsane lideri Fidel Castro, (ALBA)\u2019n\u0131n kurulu\u015funun 8. Y\u0131l D\u00f6n\u00fcm\u00fc sebebiyle d\u00fcn Venezuela Devlet Ba\u015fkan Yard\u0131mc\u0131s\u0131 Nicolas Maduro\u2019ya bir tebrik mesaj\u0131 yollad\u0131.<\/p>\n","protected":false},"author":6,"featured_media":125278,"comment_status":"open","ping_status":"open","sticky":false,"template":"","format":"standard","meta":{"_acf_changed":false,"footnotes":""},"categories":[6767,6768,26554],"tags":[38371,931,73278,19120,7010,927],"class_list":["post-125248","post","type-post","status-publish","format-standard","has-post-thumbnail","hentry","category-afrika","category-amerika","category-haftanin-yorumu","tag-castro","tag-fidel-castro","tag-fidel-castro-chavez","tag-fidel-castro-ruz","tag-hugo-chavez","tag-kuba-devrimi"],"acf":[],"_links":{"self":[{"href":"https:\/\/www.nationalturk.com\/tr\/wp-json\/wp\/v2\/posts\/125248","targetHints":{"allow":["GET"]}}],"collection":[{"href":"https:\/\/www.nationalturk.com\/tr\/wp-json\/wp\/v2\/posts"}],"about":[{"href":"https:\/\/www.nationalturk.com\/tr\/wp-json\/wp\/v2\/types\/post"}],"author":[{"embeddable":true,"href":"https:\/\/www.nationalturk.com\/tr\/wp-json\/wp\/v2\/users\/6"}],"replies":[{"embeddable":true,"href":"https:\/\/www.nationalturk.com\/tr\/wp-json\/wp\/v2\/comments?post=125248"}],"version-history":[{"count":0,"href":"https:\/\/www.nationalturk.com\/tr\/wp-json\/wp\/v2\/posts\/125248\/revisions"}],"wp:featuredmedia":[{"embeddable":true,"href":"https:\/\/www.nationalturk.com\/tr\/wp-json\/wp\/v2\/media\/125278"}],"wp:attachment":[{"href":"https:\/\/www.nationalturk.com\/tr\/wp-json\/wp\/v2\/media?parent=125248"}],"wp:term":[{"taxonomy":"category","embeddable":true,"href":"https:\/\/www.nationalturk.com\/tr\/wp-json\/wp\/v2\/categories?post=125248"},{"taxonomy":"post_tag","embeddable":true,"href":"https:\/\/www.nationalturk.com\/tr\/wp-json\/wp\/v2\/tags?post=125248"}],"curies":[{"name":"wp","href":"https:\/\/api.w.org\/{rel}","templated":true}]}}