{"id":125298,"date":"2012-12-17T21:08:53","date_gmt":"2012-12-17T19:08:53","guid":{"rendered":"http:\/\/www.nationalturk.com\/?p=125298"},"modified":"2012-12-17T21:08:53","modified_gmt":"2012-12-17T19:08:53","slug":"erdogan-kilicdaroglu-seb-i-arus-toreni-125298","status":"publish","type":"post","link":"https:\/\/www.nationalturk.com\/tr\/erdogan-kilicdaroglu-seb-i-arus-toreni-125298\/","title":{"rendered":"Erdo\u011fan ve K\u0131l\u0131\u00e7daro\u011flu, \u015eeb-i Arus t\u00f6renine kat\u0131ld\u0131"},"content":{"rendered":"<h1><a href=\"http:\/\/www.nationalturk.com\/tr\/wp-content\/uploads\/2012\/12\/kilicdaroglu-erdogan-sebi-arus.jpg\"><img loading=\"lazy\" decoding=\"async\" class=\"alignleft size-medium wp-image-125299\" alt=\"Erdo\u011fan ve K\u0131l\u0131\u00e7daro\u011flu, \u015eeb-i Arus t\u00f6renine kat\u0131ld\u0131\" src=\"http:\/\/www.nationalturk.com\/tr\/wp-content\/uploads\/2012\/12\/kilicdaroglu-erdogan-sebi-arus-280x166.jpg\" width=\"280\" height=\"166\" title=\"\" srcset=\"https:\/\/www.nationalturk.com\/tr\/wp-content\/uploads\/2012\/12\/kilicdaroglu-erdogan-sebi-arus-280x166.jpg 280w, https:\/\/www.nationalturk.com\/tr\/wp-content\/uploads\/2012\/12\/kilicdaroglu-erdogan-sebi-arus.jpg 320w\" sizes=\"auto, (max-width: 280px) 100vw, 280px\" \/><\/a>Ba\u015fbakan Recep Tayyip Erdo\u011fan ve CHP Genel Ba\u015fkan\u0131 Kemal K\u0131l\u0131\u00e7daro\u011flu, \u015eeb-i Arus t\u00f6renine kat\u0131ld\u0131.<\/h1>\n<p>Erdo\u011fan ve\u00a0K\u0131l\u0131\u00e7daro\u011flu, Konya\u2019da d\u00fczenlenen \u015eeb-i Arus t\u00f6renlerine kat\u0131ld\u0131. Erdo\u011fan ve K\u0131l\u0131\u00e7daro\u011flu\u2019nu bir araya getiren Mevlana K\u00fclt\u00fcr Merkezi\u2019ndeki t\u00f6reni ayr\u0131ca konuk Tacikistan Cumhurba\u015fkan\u0131 \u0130mamali Rahman da izledi.<\/p>\n<p>Salona \u00f6nce Ba\u015fbakan Erdo\u011fan gelirken, K\u0131l\u0131\u00e7daro\u011flu ve Erdo\u011fan tokala\u015fmak yerine birbirlerini ba\u015f\u0131yla selamlad\u0131. Konya Belediye Ba\u015fkan\u0131 Tahir Aky\u00fcrek\u2019in k\u0131sa konu\u015fmas\u0131yla ba\u015flayan t\u00f6renin ard\u0131ndan sanat\u00e7\u0131 Ahmet \u00d6zhan ve T\u00fcrk Tasavvuf M\u00fczi\u011fi toplulu\u011fu konser verdi. Ard\u0131ndan konuklar, semazen g\u00f6sterisini izledi.<\/p>\n<p>\u015eeb-i Arus t\u00f6renlerini Konya&#8217;da bulunan Ba\u015fbakan Yard\u0131mc\u0131s\u0131 Bekir Bozda\u011f, D\u0131\u015fi\u015fleri Bakan\u0131 Ahmet Davuto\u011flu, Sa\u011fl\u0131k Bakan\u0131 Recep Akda\u011f da izledi.<\/p>\n<!-- Error, Advert is not available at this time due to schedule\/geolocation restrictions! -->\n","protected":false},"excerpt":{"rendered":"<p>Ba\u015fbakan Recep Tayyip Erdo\u011fan ve CHP Genel Ba\u015fkan\u0131 Kemal K\u0131l\u0131\u00e7daro\u011flu, \u015eeb-i Arus t\u00f6renine kat\u0131ld\u0131.<\/p>\n","protected":false},"author":3,"featured_media":181117,"comment_status":"open","ping_status":"open","sticky":false,"template":"","format":"standard","meta":{"_acf_changed":false,"footnotes":""},"categories":[6155,5005,6805],"tags":[8952,12343,44198,10713,5115,118432,787,6532,118430,56552],"class_list":["post-125298","post","type-post","status-publish","format-standard","has-post-thumbnail","hentry","category-gundem","category-manset","category-turkiye","tag-basbakan","tag-bekir-bozdag","tag-chp-genel-baskani","tag-disisleri-bakani-ahmet-davutoglu","tag-kemal-kilicdaroglu","tag-konya-seb-i-arus-toreni","tag-recep-tayyip-erdogan","tag-saglik-bakani-recep-akdag","tag-seb-i-arus-toreni","tag-seb-i-arus-torenleri"],"acf":[],"_links":{"self":[{"href":"https:\/\/www.nationalturk.com\/tr\/wp-json\/wp\/v2\/posts\/125298","targetHints":{"allow":["GET"]}}],"collection":[{"href":"https:\/\/www.nationalturk.com\/tr\/wp-json\/wp\/v2\/posts"}],"about":[{"href":"https:\/\/www.nationalturk.com\/tr\/wp-json\/wp\/v2\/types\/post"}],"author":[{"embeddable":true,"href":"https:\/\/www.nationalturk.com\/tr\/wp-json\/wp\/v2\/users\/3"}],"replies":[{"embeddable":true,"href":"https:\/\/www.nationalturk.com\/tr\/wp-json\/wp\/v2\/comments?post=125298"}],"version-history":[{"count":0,"href":"https:\/\/www.nationalturk.com\/tr\/wp-json\/wp\/v2\/posts\/125298\/revisions"}],"wp:featuredmedia":[{"embeddable":true,"href":"https:\/\/www.nationalturk.com\/tr\/wp-json\/wp\/v2\/media\/181117"}],"wp:attachment":[{"href":"https:\/\/www.nationalturk.com\/tr\/wp-json\/wp\/v2\/media?parent=125298"}],"wp:term":[{"taxonomy":"category","embeddable":true,"href":"https:\/\/www.nationalturk.com\/tr\/wp-json\/wp\/v2\/categories?post=125298"},{"taxonomy":"post_tag","embeddable":true,"href":"https:\/\/www.nationalturk.com\/tr\/wp-json\/wp\/v2\/tags?post=125298"}],"curies":[{"name":"wp","href":"https:\/\/api.w.org\/{rel}","templated":true}]}}