{"id":125410,"date":"2012-12-18T22:02:28","date_gmt":"2012-12-18T20:02:28","guid":{"rendered":"http:\/\/www.nationalturk.com\/?p=125410"},"modified":"2012-12-19T12:54:24","modified_gmt":"2012-12-19T10:54:24","slug":"protestocular-dagilmaya-basladi-125410","status":"publish","type":"post","link":"https:\/\/www.nationalturk.com\/tr\/protestocular-dagilmaya-basladi-125410\/","title":{"rendered":"Polis kamp\u00fcsten geri \u00e7ekildi,protestocular da\u011f\u0131ld\u0131"},"content":{"rendered":"<h1><a href=\"http:\/\/www.nationalturk.com\/tr\/wp-content\/uploads\/2012\/12\/basbakan-protesto.jpg\"><img loading=\"lazy\" decoding=\"async\" class=\"alignleft size-medium wp-image-125411\" alt=\"Protestocular da\u011f\u0131lmaya ba\u015flad\u0131\" src=\"http:\/\/www.nationalturk.com\/tr\/wp-content\/uploads\/2012\/12\/basbakan-protesto-280x125.jpg\" width=\"280\" height=\"125\" title=\"\" srcset=\"https:\/\/www.nationalturk.com\/tr\/wp-content\/uploads\/2012\/12\/basbakan-protesto-280x125.jpg 280w, https:\/\/www.nationalturk.com\/tr\/wp-content\/uploads\/2012\/12\/basbakan-protesto.jpg 560w\" sizes=\"auto, (max-width: 280px) 100vw, 280px\" \/><\/a>\u00c7in&#8217;den f\u0131rlat\u0131lan G\u00f6kt\u00fcrk-2 uydusu i\u00e7in Ba\u015fbakan Recep Tayyip Erdo\u011fan&#8217;\u0131n kat\u0131ld\u0131\u011f\u0131 ODT\u00dc Yerle\u015fkesi&#8217;nde,Erdo\u011fan protesto edildi.<\/h1>\n<p>Ba\u015fbakan Erdo\u011fan\u2019\u0131n ODT\u00dc\u2019ye gitmesi nedeniyle kamp\u00fcse iki bine yak\u0131n polis g\u00f6rev yaparken,t\u00f6ren \u00f6ncesinde Fizik B\u00f6l\u00fcm\u00fc \u00f6n\u00fcnde toplanan grup, t\u00f6renin yap\u0131laca\u011f\u0131 ODT\u00dc Kamp\u00fcs\u00fc&#8217;ndeki T\u00dcB\u0130TAK Uzay Yerle\u015fkesi&#8217;ne y\u00fcr\u00fcy\u00fc\u015fe ge\u00e7ti.<\/p>\n<p>Ba\u015fbakan Erdo\u011fan aleyhine pankart a\u00e7\u0131p \u00e7e\u015fitli sloganlar atan protestocular g\u00fcvenlik g\u00fc\u00e7lerince durduruldu.\u00a0Polis taraf\u0131ndan yap\u0131lan uyar\u0131lara ra\u011fmen eylemi s\u00fcrd\u00fcren protestocularla g\u00fcvenlik g\u00fc\u00e7leri aras\u0131nda arbede \u00e7\u0131kt\u0131.<\/p>\n<p>Barikat\u0131 a\u015fmaya \u00e7al\u0131\u015fan gruptakiler, g\u00fcvenlik g\u00fc\u00e7lerine ta\u015f ve sopalar att\u0131. Polis de gruba tazyikli su, biber gaz\u0131 ve gaz bombas\u0131yla m\u00fcdahalede bulundu.<\/p>\n<p>Kamp\u00fcs i\u00e7inde da\u011f\u0131lan protestocular, \u00e7e\u015fitli yerlerde barikatlar olu\u015fturdu. \u00c7\u00f6p kutular\u0131n\u0131 ve olu\u015fturduklar\u0131 barikatlar\u0131 ate\u015fe veren grup polise ta\u015f atmay\u0131 s\u00fcrd\u00fcrd\u00fc.<\/p>\n<p>G\u00fcvenlik g\u00fc\u00e7lerinin gaz bombas\u0131yla kar\u015f\u0131l\u0131k verdi\u011fi gruptan \u00e7ok say\u0131da ki\u015fi gazdan etkilendi. At\u0131lan ta\u015flardan yaralanan baz\u0131 polisler de hastaneye kald\u0131r\u0131ld\u0131.<\/p>\n<p>T\u00f6renin ard\u0131ndan Ba\u015fbakan Erdo\u011fan&#8217;\u0131n ayr\u0131lmas\u0131yla polis de kamp\u00fcs\u00fc terk etti.Bir s\u00fcre daha slogan atan protestocular yakla\u015f\u0131k d\u00f6rt saat s\u00fcren eylemi sonland\u0131r\u0131p da\u011f\u0131lmaya ba\u015flad\u0131.<\/p>\n<!-- Error, Advert is not available at this time due to schedule\/geolocation restrictions! -->\n","protected":false},"excerpt":{"rendered":"<p>\u00c7in&#8217;den f\u0131rlat\u0131lan G\u00f6kt\u00fcrk-2 uydusu i\u00e7in Ba\u015fbakan Recep Tayyip Erdo\u011fan&#8217;\u0131n kat\u0131ld\u0131\u011f\u0131 ODT\u00dc Yerle\u015fkesi&#8217;nde,Erdo\u011fan protesto edildi.<\/p>\n","protected":false},"author":3,"featured_media":181093,"comment_status":"open","ping_status":"open","sticky":false,"template":"","format":"standard","meta":{"_acf_changed":false,"footnotes":""},"categories":[6155,5005,349,6805,6662],"tags":[3888,118555,118556,118557,118558],"class_list":["post-125410","post","type-post","status-publish","format-standard","has-post-thumbnail","hentry","category-gundem","category-manset","category-son-dakika","category-turkiye","category-yasam","tag-basbakan-erdogan","tag-gokturk-2-cin","tag-gokturk-2-uydusu","tag-gokturk-2-uydusu-cin","tag-odtu-yerleskesi"],"acf":[],"_links":{"self":[{"href":"https:\/\/www.nationalturk.com\/tr\/wp-json\/wp\/v2\/posts\/125410","targetHints":{"allow":["GET"]}}],"collection":[{"href":"https:\/\/www.nationalturk.com\/tr\/wp-json\/wp\/v2\/posts"}],"about":[{"href":"https:\/\/www.nationalturk.com\/tr\/wp-json\/wp\/v2\/types\/post"}],"author":[{"embeddable":true,"href":"https:\/\/www.nationalturk.com\/tr\/wp-json\/wp\/v2\/users\/3"}],"replies":[{"embeddable":true,"href":"https:\/\/www.nationalturk.com\/tr\/wp-json\/wp\/v2\/comments?post=125410"}],"version-history":[{"count":0,"href":"https:\/\/www.nationalturk.com\/tr\/wp-json\/wp\/v2\/posts\/125410\/revisions"}],"wp:featuredmedia":[{"embeddable":true,"href":"https:\/\/www.nationalturk.com\/tr\/wp-json\/wp\/v2\/media\/181093"}],"wp:attachment":[{"href":"https:\/\/www.nationalturk.com\/tr\/wp-json\/wp\/v2\/media?parent=125410"}],"wp:term":[{"taxonomy":"category","embeddable":true,"href":"https:\/\/www.nationalturk.com\/tr\/wp-json\/wp\/v2\/categories?post=125410"},{"taxonomy":"post_tag","embeddable":true,"href":"https:\/\/www.nationalturk.com\/tr\/wp-json\/wp\/v2\/tags?post=125410"}],"curies":[{"name":"wp","href":"https:\/\/api.w.org\/{rel}","templated":true}]}}