{"id":125477,"date":"2012-12-19T14:29:58","date_gmt":"2012-12-19T12:29:58","guid":{"rendered":"http:\/\/www.nationalturk.com\/?p=125477"},"modified":"2022-09-20T11:54:22","modified_gmt":"2022-09-20T08:54:22","slug":"besiktasi-batiran-kisi-tff-baskani-oldu-dedi-demiroren-buz-kesti-125477","status":"publish","type":"post","link":"https:\/\/www.nationalturk.com\/tr\/besiktasi-batiran-kisi-tff-baskani-oldu-dedi-demiroren-buz-kesti-125477\/","title":{"rendered":"&#8220;Be\u015fikta\u015f&#8217;\u0131 bat\u0131ran ki\u015fi TFF ba\u015fkan\u0131 oldu&#8221; dedi, Demir\u00f6ren buz kesti!"},"content":{"rendered":"<h1><img loading=\"lazy\" decoding=\"async\" class=\"alignleft size-medium wp-image-125478\" src=\"http:\/\/www.nationalturk.com\/tr\/wp-content\/uploads\/2012\/12\/demiroren_fifa1-280x186.jpg\" alt=\"TFF BASKANI YILDIRIM DEMIROREN\" width=\"280\" height=\"186\" title=\"\" srcset=\"https:\/\/www.nationalturk.com\/tr\/wp-content\/uploads\/2012\/12\/demiroren_fifa1-280x186.jpg 280w, https:\/\/www.nationalturk.com\/tr\/wp-content\/uploads\/2012\/12\/demiroren_fifa1-600x400.jpg 600w, https:\/\/www.nationalturk.com\/tr\/wp-content\/uploads\/2012\/12\/demiroren_fifa1.jpg 712w\" sizes=\"auto, (max-width: 280px) 100vw, 280px\" \/>RT\u00dcK televizyon y\u00f6neticileriyle Gen\u00e7lik ve Spor Bakan\u0131 Suat K\u0131l\u0131\u00e7 ve TFF Ba\u015fkan\u0131 Y\u0131ld\u0131r\u0131m Demir\u00f6ren&#8217;in de kat\u0131ld\u0131\u011f\u0131 bir toplant\u0131 d\u00fczenledi. Toplant\u0131da Y\u0131ld\u0131r\u0131m Demir\u00f6ren ile TVnet Spor M\u00fcd\u00fcr\u00fc Ey\u00fcp Karaku\u015f&#8217;un ya\u015fad\u0131\u011f\u0131 tart\u0131\u015fma damga vurdu.<\/h1>\n<p>Toplant\u0131da Ey\u00fcp Karaku\u015f ile T\u00fcrkiye Futbol Federasyonu Ba\u015fkan\u0131 Y\u0131ld\u0131r\u0131m Demir\u00f6ren aras\u0131nda \u015fu diyalog ge\u00e7ti:<\/p>\n<p>KARAKU\u015e: G\u00fczide bir kul\u00fcb\u00fcm\u00fcz, UEFA Avrupa Ligi\u2019ne gidemiyor. Ve o kul\u00fcb\u00fc bat\u0131ran ki\u015fi, Federasyon Ba\u015fkan\u0131 oluyor.<\/p>\n<p>DEM\u0130R\u00d6REN: Say\u0131n Ba\u015fkan, m\u00fcdahale edin. Hakaret etme! E\u011fer ben hakaret edersem, sen orada oturamazs\u0131n. Bor\u00e7suz hangi kul\u00fcp var?<\/p>\n<p>KARAKU\u015e: Ben UEFA karar\u0131ndan s\u00f6z ediyorum.<\/p>\n<p>DEM\u0130R\u00d6REN: Sizin gibi zihniyetler y\u00fcz\u00fcnden buraday\u0131z!<\/p>\n<p>RT\u00dcK Ba\u015fkan\u0131 Davut Dursun&#8217;un m\u00fcdahale etmesinin ard\u0131ndan Karaku\u015f &#8220;M\u00fcsaade etmiyorsunuz say\u0131n ba\u015fkan&#8221; diyerek konu\u015fmas\u0131n\u0131 sonland\u0131rd\u0131.<\/p>\n<!-- Error, Advert is not available at this time due to schedule\/geolocation restrictions! -->\n","protected":false},"excerpt":{"rendered":"<p>RT\u00dcK televizyon y\u00f6neticileriyle Gen\u00e7lik ve Spor Bakan\u0131 Suat K\u0131l\u0131\u00e7 ve TFF Ba\u015fkan\u0131 Y\u0131ld\u0131r\u0131m Demir\u00f6ren&#8217;in de kat\u0131ld\u0131\u011f\u0131 bir toplant\u0131 d\u00fczenledi. Toplant\u0131da Y\u0131ld\u0131r\u0131m Demir\u00f6ren ile TVnet Spor M\u00fcd\u00fcr\u00fc Ey\u00fcp Karaku\u015f&#8217;un ya\u015fad\u0131\u011f\u0131 tart\u0131\u015fma damga vurdu.<\/p>\n","protected":false},"author":4,"featured_media":226577,"comment_status":"open","ping_status":"open","sticky":false,"template":"","format":"standard","meta":{"_acf_changed":false,"footnotes":""},"categories":[6774,5005,6667,6194],"tags":[1748,999,6477,17195,2269],"class_list":["post-125477","post","type-post","status-publish","format-standard","has-post-thumbnail","hentry","category-futbol","category-manset","category-medya","category-spor","tag-besiktas","tag-rtuk","tag-tff","tag-tff-baskani","tag-yildirim-demiroren"],"acf":[],"_links":{"self":[{"href":"https:\/\/www.nationalturk.com\/tr\/wp-json\/wp\/v2\/posts\/125477","targetHints":{"allow":["GET"]}}],"collection":[{"href":"https:\/\/www.nationalturk.com\/tr\/wp-json\/wp\/v2\/posts"}],"about":[{"href":"https:\/\/www.nationalturk.com\/tr\/wp-json\/wp\/v2\/types\/post"}],"author":[{"embeddable":true,"href":"https:\/\/www.nationalturk.com\/tr\/wp-json\/wp\/v2\/users\/4"}],"replies":[{"embeddable":true,"href":"https:\/\/www.nationalturk.com\/tr\/wp-json\/wp\/v2\/comments?post=125477"}],"version-history":[{"count":0,"href":"https:\/\/www.nationalturk.com\/tr\/wp-json\/wp\/v2\/posts\/125477\/revisions"}],"wp:featuredmedia":[{"embeddable":true,"href":"https:\/\/www.nationalturk.com\/tr\/wp-json\/wp\/v2\/media\/226577"}],"wp:attachment":[{"href":"https:\/\/www.nationalturk.com\/tr\/wp-json\/wp\/v2\/media?parent=125477"}],"wp:term":[{"taxonomy":"category","embeddable":true,"href":"https:\/\/www.nationalturk.com\/tr\/wp-json\/wp\/v2\/categories?post=125477"},{"taxonomy":"post_tag","embeddable":true,"href":"https:\/\/www.nationalturk.com\/tr\/wp-json\/wp\/v2\/tags?post=125477"}],"curies":[{"name":"wp","href":"https:\/\/api.w.org\/{rel}","templated":true}]}}