{"id":125635,"date":"2012-12-21T17:14:29","date_gmt":"2012-12-21T15:14:29","guid":{"rendered":"http:\/\/www.nationalturk.com\/?p=125635"},"modified":"2012-12-21T17:15:48","modified_gmt":"2012-12-21T15:15:48","slug":"hurriyet-gazetesi-yazari-bilgin-gokberkten-turgay-demirele-cevap","status":"publish","type":"post","link":"https:\/\/www.nationalturk.com\/tr\/hurriyet-gazetesi-yazari-bilgin-gokberkten-turgay-demirele-cevap\/","title":{"rendered":"H\u00fcrriyet Gazetesi yazar\u0131 Bilgin G\u00f6kberk&#8217;ten Turgay Demirel&#8217;e cevap!.."},"content":{"rendered":"<h1>\u00a0\u00a0<a href=\"http:\/\/www.nationalturk.com\/tr\/wp-content\/uploads\/2012\/12\/hurriyet-gazetesi-yazari-bilgin-gokberkten-turgay-demirele-cevap1.jpg\"><img loading=\"lazy\" decoding=\"async\" class=\"alignnone size-full wp-image-125656\" alt=\"hurriyet-gazetesi-yazari-bilgin-gokberkten-turgay-demirele-cevap1\" src=\"http:\/\/www.nationalturk.com\/tr\/wp-content\/uploads\/2012\/12\/hurriyet-gazetesi-yazari-bilgin-gokberkten-turgay-demirele-cevap1.jpg\" width=\"610\" height=\"300\" title=\"\" srcset=\"https:\/\/www.nationalturk.com\/tr\/wp-content\/uploads\/2012\/12\/hurriyet-gazetesi-yazari-bilgin-gokberkten-turgay-demirele-cevap1.jpg 610w, https:\/\/www.nationalturk.com\/tr\/wp-content\/uploads\/2012\/12\/hurriyet-gazetesi-yazari-bilgin-gokberkten-turgay-demirele-cevap1-280x137.jpg 280w\" sizes=\"auto, (max-width: 610px) 100vw, 610px\" \/><\/a><\/h1>\n<h1>H\u00fcrriyet Gazetesi yazar\u0131 Bilgin G\u00f6kberk, bug\u00fcnk\u00fc yaz\u0131s\u0131nda Basketbol Federasyonu Ba\u015fkan\u0131 Turgay Demirel&#8217;in da\u011f\u0131tm\u0131\u015f oldu\u011fu 28 milyonun nerelere harcand\u0131\u011f\u0131n\u0131n hesab\u0131n\u0131 sordu. G\u00f6kberk&#8217;in &#8220;Turgay Demirel&#8217;e cevap&#8221; ba\u015fl\u0131kl\u0131 yaz\u0131s\u0131n\u0131 sizlerle payla\u015fmak istiyoruz&#8230;<\/h1>\n<p>\u0130\u015fte Bilgin G\u00f6kberk&#8217;in &#8220;Turgay Demirel&#8217;e cevap&#8221; ba\u015fl\u0131kl\u0131 yaz\u0131s\u0131;<\/p>\n<h2>Turgay Demirel&#8217;e cevap<\/h2>\n<p>SPOR bakan\u0131 da 28\u2019i sorunca..<br \/>\nArkada\u015f da el mecbur bi a\u00e7\u0131klama yap\u0131nca&#8230;<br \/>\nL\u00fcp edilen 28\u2019e bu hafta da devam&#8230;<br \/>\n* * *<br \/>\n2 b\u00f6l\u00fcm var ki&#8230;<br \/>\n1-2 laf etmeden olmaz.<br \/>\n* * *<br \/>\nArkada\u015f diyor ki;<br \/>\nMilli tak\u0131ma uygun g\u00f6r\u00fclen ba\u015far\u0131 priminin da\u011f\u0131l\u0131m\u0131 hususunda medya mensubu belirli ki\u015filer taraf\u0131ndan y\u00fcr\u00fct\u00fclmekte olan kampanya ile suni bir g\u00fcndem yarat\u0131lmaya \u00e7al\u0131\u015f\u0131lmaktad\u0131r.<br \/>\n* * *<br \/>\nG\u00fcndem suni.<br \/>\nPeki.<br \/>\n* * *<br \/>\nSuni\u2019yim, suni\u2019yiz.<br \/>\nPeki.<br \/>\n* * *<br \/>\nB\u0131rak beni, bizi, suniyi muniyi de, 28\u2019e gel, baban\u0131n paras\u0131 de\u011fil, kafana g\u00f6re mi da\u011f\u0131tt\u0131n, bunu anlat.<br \/>\nKriteri ne?<br \/>\nKafana g\u00f6re mi?<br \/>\nBu bir.<br \/>\nHerkes, her\u015fey suni olsa bile l\u00fcp edilen 28 suni de\u011fil.<br \/>\nGer\u00e7ek.<br \/>\nBu iki.<br \/>\nKesmedi mi yoksa 28?<br \/>\nBu \u00fc\u00e7<br \/>\nSuni olmamas\u0131 i\u00e7in 128\u2019 mi olmas\u0131 laz\u0131m.<br \/>\nKaptan\u0131n\u0131 bi daha g\u00f6nder, biraz daha istesin ba\u015fbakan\u2019dan.<br \/>\nBu d\u00f6rt.<br \/>\nMilletin se\u00e7ti\u011fi ba\u015fbakan, milletin tak\u0131m\u0131na 28 milyon vermi\u015f.<br \/>\nPara milletin, millet sorar.<br \/>\nBu be\u015f.<br \/>\nBen isim vererek yaz\u0131yorum, a\u00e7\u0131k a\u00e7\u0131k Turgay murgay diyorum.<br \/>\nG\u00fcnl\u00fck\u2019e, hat\u0131ra defterine de yazm\u0131yorum.<br \/>\nH\u00fcrriyet\u2019e yaz\u0131yorum.<br \/>\nSen de isim ver .<br \/>\nKim bu suni g\u00fcndem yaratmak isteyen medya mensuplar\u0131 ve niye b\u00f6yle bir \u015fey yap\u0131yorlar?<br \/>\nBu alt\u0131.<br \/>\nMadem suni g\u00fcndem yarat\u0131p, suni kampanya y\u00fcr\u00fct\u00fcyoruz beni, Mehmet Arslan\u2019\u0131, Ulu\u00e7 Karde\u015fleri mahkemeye versene.<br \/>\nBen, sen olsam, sen de ben olsan, ben seni verirdim.<br \/>\nBu yedi.<br \/>\nOtel, u\u00e7ak rezervasyonu i\u015flerine bakan arkada\u015fa, idari menajerine 1.200.000, 30 y\u0131ld\u0131r i\u015f arad\u0131\u011f\u0131n-buldu\u011fun dostuna 1.350.000 verirsen&#8230;<br \/>\nSorarlar adama.<br \/>\nCehenneme gitsen de cehennemde bulup sorarlar.<br \/>\nBu sekiz.<br \/>\nMerak edilen \u015fu;<br \/>\nVerdim diyosun da&#8230;<br \/>\nEssah verdin mi?<br \/>\nBu dokuz.<br \/>\nHerkes ligini yorumlatt\u0131\u011f\u0131n, 28\u2019den pay verdi\u011fin, i\u015fe soktu\u011fun adamlar\u0131na benzemez, susmaz, \u015firinlik yapmaz sana.<br \/>\nSorar.<br \/>\nBu 10.<br \/>\nBu kadar basketbol program\u0131 var bir tanesinde bunu soran bi Allah\u2019\u0131n kulu var m\u0131.<br \/>\nYok.<br \/>\nNiye?<br \/>\nBu onbir.<br \/>\nBu arkada\u015f o tv\u2019ye bu tv\u2019ye yorumcular\u0131n\u0131 yerle\u015ftirmi\u015f.<br \/>\nOrganize i\u015fler\u2019e girmi\u015f.<br \/>\nCanl\u0131 yay\u0131nlar, yanl\u0131 yay\u0131n\u2019lar olmu\u015f.<br \/>\nRT\u00dcK\u2019e soral\u0131m;<br \/>\nBu hangi maddeye giriyor.<br \/>\n* * *<br \/>\nBu konulara sak\u0131n girmeyin.<br \/>\nPeki.<br \/>\nNe bu?<br \/>\nProgram m\u0131, gugu\u015f mu?<br \/>\n* * *<br \/>\n\u015eiddet etik de\u011fil de&#8230;<br \/>\nBu etik mi?<br \/>\nBu on iki.<br \/>\n* * *<br \/>\nB\u00f6yle bir medya mi isteniyor?<br \/>\n\u0130\u015fine geleni soran-sormayan, patronuna yana\u015fan, biat eden.<br \/>\nBunun kar\u015f\u0131l\u0131\u011f\u0131nda arpa alan.<br \/>\n* * *<br \/>\nGugu\u015f medyas\u0131\u2019m\u0131 empoze ediliyor 2012 T\u00fcrkiyesi\u2019ne?<br \/>\nBu on \u00fc\u00e7.<br \/>\n* * *<br \/>\n<strong>Arkada\u015f diyor ki;<\/strong><br \/>\nKamuoyunu yanl\u0131\u015f y\u00f6nlendirme \u00e7abas\u0131nda olan birka\u00e7 ki\u015finin giri\u015fimlerinin T\u00fcrk basketboluna, sporuna zarar vermesine engel olmak amac\u0131yla, Say\u0131n Bakan\u0131m\u0131z\u0131n da \u00f6nerisi do\u011frultusunda, daha \u00f6nce \u201c\u00d6zel Hayat\u0131n Gizlili\u011fi\u201d kapsam\u0131nda de\u011ferlendirilen bilgilerinde a\u00e7\u0131klanmas\u0131na karar verilmi\u015ftir.<br \/>\n* * *<br \/>\nPi\u015fkinli\u011fin nirvanas\u0131 bu olmal\u0131.<br \/>\nKamuoyunu biz yanl\u0131\u015f y\u00f6nlendiriyoruz.<br \/>\nPeki .<br \/>\nSen do\u011fru y\u00f6nlendir.<br \/>\n\u015eu basketbola bizim gibi zarar\u0131 olmayan, faydas\u0131 olan gazetecilerine prim verdin mi, verdinse ne kadar verdin?<br \/>\nBu bir.<br \/>\nListede Anadolu ajans\u0131ndan kimse var m\u0131?<br \/>\nBu iki.<br \/>\n28 milyon, milletin paras\u0131, milletin se\u00e7ti\u011fi ba\u015fbakan milletin tak\u0131m\u0131na vermi\u015f, \u00f6zel\u2019e m\u00f6zel\u2019e girmez, genel\u2019e girer, benim param\u0131 benden mi saklayacaks\u0131n, kafa m\u0131 buluyosun bizle?<br \/>\nBu \u00fc\u00e7.<br \/>\n* * *<br \/>\nArkada\u015f hi\u00e7 s\u0131k\u0131lmadan b\u00fcy\u00fck bir pi\u015fkinlikle Mehmet Arslan\u2019\u0131n 2 sene \u00f6nce H\u00fcrriyet\u2019de yay\u0131nlad\u0131\u011f\u0131 listeyi de yay\u0131nlam\u0131\u015f.<br \/>\n* * *<br \/>\nYerse&#8230;<br \/>\nYemedi.<br \/>\n* * *<br \/>\n\u015eu iki soruyu bi daha soral\u0131m.<br \/>\n1- Bu a\u00e7\u0131klamay\u0131 yapmak i\u00e7in niye 2 sene bekledin?<br \/>\n2- Spor Bakan\u0131 hesap sormasa g\u0131k\u0131n\u0131 \u00e7\u0131kar\u0131rm\u0131yd\u0131n?<br \/>\n* * *<br \/>\nSon soru&#8230;<br \/>\n28\u2019in i\u00e7inden \u00e7\u0131kamazsan&#8230;<br \/>\nYolcusun haberin varm\u0131?<br \/>\n* * *<br \/>\nYoksa&#8230;<br \/>\nHaberin olsun.<\/p>\n<p><strong>SPOR BAKANI \u0130Y\u0130 \u0130\u015e \u00c7IKARDI<\/strong><\/p>\n<p>SPOR Bakan\u0131 Mehmet Arslan\u2019a dedi ki;<br \/>\n28 milyonun da\u011f\u0131t\u0131m\u0131n\u0131 ne biz, ne say\u0131n Ba\u015fbakan yapt\u0131, da\u011f\u0131t\u0131m federasyona ait, federasyon bir a\u00e7\u0131klama yapacak, ya da gerekli belgeleri al\u0131p biz bas\u0131na a\u00e7\u0131klayaca\u011f\u0131z.<br \/>\n* * *<br \/>\n1- Son y\u0131llarda g\u00f6rd\u00fc\u011f\u00fcm en net spor bakan\u0131 tavr\u0131.<br \/>\n2- Milletin bakan\u0131 da 28\u2019in da\u011f\u0131t\u0131l\u0131\u015f \u015feklinden millet gibi rahats\u0131z.<br \/>\n3- Bu i\u015fin pe\u015fini b\u0131rakmayacak, belli.<br \/>\n4- Ben demiyor biz diyor,o biz\u2019in i\u00e7inde sadece bakanl\u0131\u011f\u0131 yok, h\u00fck\u00fcmet de var,ba\u015fbakan da&#8230;<br \/>\n5- 28 milyon Ankara\u2019y\u0131 da huzursuz etmi\u015f.<br \/>\n6- Spor bakan\u0131 Ba\u015fbakan\u2019la konu\u015fmadan onun verdi\u011fi primle ilgili yorum yapmaz,belli ki ba\u015fbakan da rahats\u0131z.<br \/>\n7- Bravo Bakan\u2019a, o olmasa Demirel i\u015fi oldu-bitti\u2019ye getirirdi yine.<\/p>\n<p><strong>HAL\u0130\u00c7 \u00dcN\u0130VERS\u0130TES\u0130\u2018NE<\/strong><\/p>\n<p>B\u0130Z\u0130M modele pek \u00f6d\u00fcl m\u00f6d\u00fcl verilmez.<br \/>\nSistem vermez.<br \/>\nSistem, sistemin i\u00e7indekini ho\u015f tutar.<br \/>\nOna yana\u015f\u0131r.<br \/>\n* * *<br \/>\nVerecekse&#8230;<br \/>\nO\u2019na verir.<br \/>\n* * *<br \/>\nTSYD \u00fcyesi de\u011filim, yazd\u0131\u011f\u0131ma birilerinin not mot vermesi ayar\u0131m\u0131 bozar ama yar\u0131\u015fmas\u0131na bir kere girdim.<br \/>\n* * *<br \/>\nBir yaz\u0131m\u0131 g\u00f6nderdim, ilk elemeyi ge\u00e7emedim. \u0130lk 50\u2019ye mi ne giremedim.<br \/>\n* * *<br \/>\nYazar \u00e7ok da..<br \/>\nYazan zaten 3-5 tane ya var ya yok.<br \/>\n\u0130lk 50\u2019de bile bizim modele yer yok.<br \/>\nYuh.<br \/>\n* * *<br \/>\nSan\u0131rs\u0131n\u0131z&#8230;<br \/>\nDante, Goethe, Albert Camus filan geri gelmi\u015fler.<br \/>\nTSYD yar\u0131\u015fmas\u0131na girmi\u015fler.<br \/>\nSonra da gitmi\u015fler.<br \/>\n* * *<br \/>\nBir daha da girmedim TSYD yar\u0131\u015fmalar\u0131na.<br \/>\nAma takip ettim.<br \/>\nBirinde j\u00fcri birincili\u011fe ikincili\u011fe \u00fc\u00e7\u00fcnc\u00fcl\u00fc\u011fe lay\u0131k eser bulamad\u0131. Bir ba\u015fkas\u0131nda \u00f6n j\u00fcri, b\u00fcy\u00fck j\u00fcriye sunacak de\u011ferde eser bulamad\u0131.<br \/>\nFilan.<br \/>\n* * *<br \/>\n\u00d6n j\u00fcr\u00fc, m\u00f6n j\u00fcri&#8230;<br \/>\nB\u00fcy\u00fck j\u00fcri m\u00fcy\u00fck j\u00fcri&#8230;<br \/>\n* * *<br \/>\nKimler mi \u00e7\u00f6reklenmi\u015f bu j\u00fcri\u2019lerde m\u00fcri\u2019lerde?<br \/>\nCervantes, Mervantes..<br \/>\nSartre&#8230;<br \/>\nEmile Zola, Mola&#8230;<br \/>\nVictor Hugo, Mugo&#8230;<br \/>\nFilan &#8230;<br \/>\nHerhalde&#8230;<br \/>\n* * *<br \/>\n6 y\u0131ld\u0131r Radyospor\u2019da en tart\u0131\u015f\u0131lan, konu\u015fulan, di\u011ferlerinden farkl\u0131 tek program\u0131 yap\u0131yorum.<br \/>\nReyting de iyi.<br \/>\nOt\u2019a mot\u2019a sponsor var, bizimkine yok.<br \/>\nBug\u00fcne kadar sponsor olan bi Allah\u2019\u0131n kulu olmad\u0131.<br \/>\n* * *<br \/>\nBizim modele su bile yok.<br \/>\n* * *<br \/>\n1- Bu \u00fclkenin, sistemin, j\u00fcrilerin kafas\u0131na uymayan, ters gelen yaz\u0131lara, yazarlara da ihtiyac\u0131 var.<br \/>\n2-\u00d6d\u00fcl\u00fc de okuyucu, dinleyici verir, j\u00fcri m\u00fcri de\u011fil.<br \/>\n* * *<br \/>\nSadede gelirsem&#8230;<br \/>\nHali\u00e7 \u00dcniversitesi beni y\u0131l\u0131n yazar\u0131 se\u00e7mi\u015f.<br \/>\n\u0130nanmad\u0131m \u00f6nce, biri i\u015fletiyor sand\u0131m.<br \/>\nGittim, g\u00f6rd\u00fcm.<br \/>\nEkmek kuran \u00e7arps\u0131n ki do\u011fruymu\u015f.<br \/>\n* * *<br \/>\nUtana s\u0131k\u0131la \u00f6d\u00fcl\u00fc al\u0131rken heyecanland\u0131m ve \u015funlar\u0131 s\u00f6yledim;<br \/>\nBi yanl\u0131\u015fl\u0131k olmas\u0131n, \u00f6d\u00fcl \u015fimdilik kals\u0131n, biraz daha d\u00fc\u015f\u00fcn\u00fcn, bir hafta sonra hala ayn\u0131 fikirdeyseniz, aray\u0131n, gelirim, al\u0131r\u0131m.<br \/>\n* * *<br \/>\nIsrar ettiler, verdiler.<br \/>\nAld\u0131m.<br \/>\n* * *<br \/>\n\u00d6d\u00fcl hala benim minib\u00fcste, eve \u00e7\u0131kartmad\u0131m.<br \/>\nEve \u00e7\u0131kart.<br \/>\nMinib\u00fcse indir olmas\u0131n.<br \/>\n* * *<br \/>\nBir hafta i\u00e7inde, pi\u015fman olurlarsa bi sms ats\u0131nlar, geri getiririm.<br \/>\n* * *<br \/>\n\u00d6d\u00fcl\u00fc istemezlerse&#8230;<br \/>\nY\u0131rtt\u0131m.<br \/>\n\u0130sterlerse&#8230;<br \/>\nBir haftal\u0131\u011f\u0131na da olsa y\u0131l\u0131n yazar\u0131y\u0131m.<br \/>\nNo problem.<br \/>\nVe tabi te\u015fekk\u00fcrler Hali\u00e7 \u00dcniversitesi\u2019ne.<br \/>\nMoral verdiler.<\/p>\n<!-- Error, Advert is not available at this time due to schedule\/geolocation restrictions! -->\n","protected":false},"excerpt":{"rendered":"<p>H\u00fcrriyet Gazetesi yazar\u0131 Bilgin G\u00f6kberk, bug\u00fcnk\u00fc yaz\u0131s\u0131nda Basketbol Federasyonu Ba\u015fkan\u0131 Turgay Demirel&#8217;in da\u011f\u0131tm\u0131\u015f oldu\u011fu 28 milyonun nerelere harcand\u0131\u011f\u0131n\u0131n hesab\u0131n\u0131 sordu. G\u00f6kberk&#8217;in &#8220;Turgay Demirel&#8217;e cevap&#8221; ba\u015fl\u0131kl\u0131 yaz\u0131s\u0131n\u0131 sizlerle payla\u015fmak istiyoruz&#8230;<\/p>\n","protected":false},"author":28,"featured_media":125656,"comment_status":"open","ping_status":"open","sticky":false,"template":"","format":"standard","meta":{"_acf_changed":false,"footnotes":""},"categories":[8338,5005,6667,6194],"tags":[93194,9096,118790,83601,25072,18601,97930,35820,10888,999,58739,11726],"class_list":["post-125635","post","type-post","status-publish","format-standard","has-post-thumbnail","hentry","category-basketbol","category-manset","category-medya","category-spor","tag-aa","tag-bilgin-gokberk","tag-bilgin-gokberk-turgay-demirel","tag-emile-zola","tag-halic-universitesi","tag-hurriyet-gazetesi","tag-hurriyet-gazetesi-bilgin-gokberk","tag-mehmet-arslan","tag-radyospor","tag-rtuk","tag-tsyd","tag-turgay-demirel"],"acf":[],"_links":{"self":[{"href":"https:\/\/www.nationalturk.com\/tr\/wp-json\/wp\/v2\/posts\/125635","targetHints":{"allow":["GET"]}}],"collection":[{"href":"https:\/\/www.nationalturk.com\/tr\/wp-json\/wp\/v2\/posts"}],"about":[{"href":"https:\/\/www.nationalturk.com\/tr\/wp-json\/wp\/v2\/types\/post"}],"author":[{"embeddable":true,"href":"https:\/\/www.nationalturk.com\/tr\/wp-json\/wp\/v2\/users\/28"}],"replies":[{"embeddable":true,"href":"https:\/\/www.nationalturk.com\/tr\/wp-json\/wp\/v2\/comments?post=125635"}],"version-history":[{"count":0,"href":"https:\/\/www.nationalturk.com\/tr\/wp-json\/wp\/v2\/posts\/125635\/revisions"}],"wp:featuredmedia":[{"embeddable":true,"href":"https:\/\/www.nationalturk.com\/tr\/wp-json\/wp\/v2\/media\/125656"}],"wp:attachment":[{"href":"https:\/\/www.nationalturk.com\/tr\/wp-json\/wp\/v2\/media?parent=125635"}],"wp:term":[{"taxonomy":"category","embeddable":true,"href":"https:\/\/www.nationalturk.com\/tr\/wp-json\/wp\/v2\/categories?post=125635"},{"taxonomy":"post_tag","embeddable":true,"href":"https:\/\/www.nationalturk.com\/tr\/wp-json\/wp\/v2\/tags?post=125635"}],"curies":[{"name":"wp","href":"https:\/\/api.w.org\/{rel}","templated":true}]}}