{"id":125654,"date":"2012-12-21T17:37:00","date_gmt":"2012-12-21T15:37:00","guid":{"rendered":"http:\/\/www.nationalturk.com\/?p=125654"},"modified":"2012-12-21T17:37:00","modified_gmt":"2012-12-21T15:37:00","slug":"gokhan-demirkol-interpol-talebi-125654","status":"publish","type":"post","link":"https:\/\/www.nationalturk.com\/tr\/gokhan-demirkol-interpol-talebi-125654\/","title":{"rendered":"G\u00f6khan Demirkol i\u00e7in interpol talebi"},"content":{"rendered":"<h1><a href=\"http:\/\/www.nationalturk.com\/tr\/wp-content\/uploads\/2012\/12\/gokhan-demirkol-interpol.jpg\"><img loading=\"lazy\" decoding=\"async\" class=\"alignleft size-medium wp-image-125660\" alt=\"G\u00f6khan Demirkol i\u00e7in interpol talebi\" src=\"http:\/\/www.nationalturk.com\/tr\/wp-content\/uploads\/2012\/12\/gokhan-demirkol-interpol-280x186.jpg\" width=\"280\" height=\"186\" title=\"\" srcset=\"https:\/\/www.nationalturk.com\/tr\/wp-content\/uploads\/2012\/12\/gokhan-demirkol-interpol-280x186.jpg 280w, https:\/\/www.nationalturk.com\/tr\/wp-content\/uploads\/2012\/12\/gokhan-demirkol-interpol.jpg 300w\" sizes=\"auto, (max-width: 280px) 100vw, 280px\" \/><\/a>\u00dcnl\u00fc oyuncu Gamze \u00d6z\u00e7elik&#8217;e tecav\u00fcz etti\u011fi iddias\u0131yla yarg\u0131lanan G\u00f6khan Demirkol&#8217;un interpol vas\u0131tas\u0131yla yakalanmas\u0131 i\u00e7in i\u015flem yap\u0131lmas\u0131 istendi.<\/h1>\n<p>Hakk\u0131nda verilen hapis cezalar\u0131 Yarg\u0131tay taraf\u0131ndan bozulan ve hakk\u0131nda yakalama karar\u0131 \u00e7\u0131kar\u0131lan eski milli basketbolcu G\u00f6khan Demirkol&#8217;un yarg\u0131lanmas\u0131na devam edildi.<\/p>\n<p>Antalya 3. A\u011f\u0131r Ceza Mahkemesi&#8217;nde g\u00f6r\u00fclen duru\u015fmaya, Gamze \u00d6z\u00e7elik&#8217;in avukatlar\u0131 Makbule Tan\u0131\u015f ile Demirkol&#8217;un avukat\u0131 R\u0131dvan Y\u0131ld\u0131z, annesi T\u00fclay Demirkol ve babas\u0131 Ali R\u0131za Demirkol kat\u0131l\u0131rken, hakk\u0131nda yakalama karar\u0131 \u00e7\u0131kart\u0131lan G\u00f6khan Demirkol kat\u0131lmad\u0131.<\/p>\n<p>Mahkeme Ba\u015fkan\u0131 Mehmet Kesmen&#8217;in Demirkol&#8217;un avukat\u0131 Y\u0131ld\u0131z&#8217;a m\u00fcvekkilinin duru\u015fmaya neden kat\u0131lmad\u0131\u011f\u0131n\u0131 sormas\u0131 \u00fczerine Y\u0131ld\u0131z, m\u00fcvekkili ile g\u00f6r\u00fc\u015fmediklerini belirtti.<\/p>\n<p>\u00d6z\u00e7elik&#8217;in avukat\u0131 Makbule Tan\u0131\u015f ise Demirkol&#8217;un yurt d\u0131\u015f\u0131na ka\u00e7t\u0131\u011f\u0131 y\u00f6n\u00fcnde duyumlar ald\u0131klar\u0131n\u0131 belirterek, Demirkol&#8217;un interpol vas\u0131tas\u0131yla yakalanmas\u0131 i\u00e7in i\u015flem yap\u0131lmas\u0131n\u0131 talep etti.<\/p>\n<p>Mahkeme heyeti bu talebin bir sonraki duru\u015fmada g\u00f6r\u00fc\u015f\u00fclmesine karar vererek, davay\u0131 15 Mart 2013 tarihine erteledi.<\/p>\n<p>Demirkol&#8217;un avukat\u0131 R\u0131dvan Y\u0131ld\u0131z, duru\u015fma sonras\u0131 yapt\u0131\u011f\u0131 a\u00e7\u0131klamada, ge\u00e7en duru\u015fmada Demirkol&#8217;un hakk\u0131nda yakalama karar\u0131 \u00e7\u0131kar\u0131ld\u0131\u011f\u0131n\u0131 hat\u0131rlatt\u0131.<\/p>\n<p>Demirkol&#8217;un nerede oldu\u011funun bilinmedi\u011fini, yakaland\u0131\u011f\u0131 takdirde mahkemenin huzuruna getirilece\u011fini anlatan Y\u0131ld\u0131z, &#8221;Mahkeme heyeti, bozma karar\u0131n\u0131 uygularsa ma\u011fdurenin psikolojisi bozuldu\u011fu gerek\u00e7esiyle cezay\u0131 art\u0131racak. Uymaz ve direnme karar\u0131 verirse aynen eski karar\u0131 verecek ve dava Ceza Genel Kurulu&#8217;na gidecek. Bu durumda Ceza Genel Kurulu&#8217;nun verece\u011fi karar ba\u011flay\u0131c\u0131 olacak&#8221; diye konu\u015ftu.<\/p>\n<h2>Neler ya\u015fanm\u0131\u015ft\u0131?<\/h2>\n<p>1 Temmuz 2004 tarihinde oyuncu Gamze \u00d6z\u00e7elik&#8217;e Kemer&#8217;deki bir otel odas\u0131nda tecav\u00fcz etti\u011fi iddias\u0131yla Antalya 3. A\u011f\u0131r Ceza Mahkemesi&#8217;nde yarg\u0131lanan G\u00f6khan Demirkol, 25 Aral\u0131k 2006&#8217;da 5 y\u0131l 10 ay hapis cezas\u0131na \u00e7arpt\u0131r\u0131lm\u0131\u015f, 30 Kas\u0131m 2005 tarihinde tutuklanm\u0131\u015f ve 8 ay 10 g\u00fcn cezaevinde kald\u0131ktan sonra tutuksuz yarg\u0131lanmak \u00fczere serbest b\u0131rak\u0131lm\u0131\u015ft\u0131.<\/p>\n<p>Karar, 9 Haziran 2008 tarihinde Yarg\u0131tay 5&#8217;inci Ceza Dairesi&#8217;nin oy birli\u011fiyle bozulmu\u015f, Yarg\u0131tay&#8217;\u0131n bozma karar\u0131 \u00fczerine yeniden yarg\u0131lama s\u00fcreci ba\u015flat\u0131lm\u0131\u015ft\u0131.<\/p>\n<!-- Error, Advert is not available at this time due to schedule\/geolocation restrictions! -->\n","protected":false},"excerpt":{"rendered":"<p>\u00dcnl\u00fc oyuncu Gamze \u00d6z\u00e7elik&#8217;e tecav\u00fcz etti\u011fi iddias\u0131yla yarg\u0131lanan G\u00f6khan Demirkol&#8217;un interpol vas\u0131tas\u0131yla yakalanmas\u0131 i\u00e7in i\u015flem yap\u0131lmas\u0131 istendi.<\/p>\n","protected":false},"author":3,"featured_media":181064,"comment_status":"open","ping_status":"open","sticky":false,"template":"","format":"standard","meta":{"_acf_changed":false,"footnotes":""},"categories":[6155,5005,6805],"tags":[75995,118799,6205,6209,97956],"class_list":["post-125654","post","type-post","status-publish","format-standard","has-post-thumbnail","hentry","category-gundem","category-manset","category-turkiye","tag-gamze-ozcelik","tag-gamze-ozcelik-tecavuz","tag-gokhan-demirkol","tag-gokhan-demirkol-gamze-ozcelik","tag-interpol"],"acf":[],"_links":{"self":[{"href":"https:\/\/www.nationalturk.com\/tr\/wp-json\/wp\/v2\/posts\/125654","targetHints":{"allow":["GET"]}}],"collection":[{"href":"https:\/\/www.nationalturk.com\/tr\/wp-json\/wp\/v2\/posts"}],"about":[{"href":"https:\/\/www.nationalturk.com\/tr\/wp-json\/wp\/v2\/types\/post"}],"author":[{"embeddable":true,"href":"https:\/\/www.nationalturk.com\/tr\/wp-json\/wp\/v2\/users\/3"}],"replies":[{"embeddable":true,"href":"https:\/\/www.nationalturk.com\/tr\/wp-json\/wp\/v2\/comments?post=125654"}],"version-history":[{"count":0,"href":"https:\/\/www.nationalturk.com\/tr\/wp-json\/wp\/v2\/posts\/125654\/revisions"}],"wp:featuredmedia":[{"embeddable":true,"href":"https:\/\/www.nationalturk.com\/tr\/wp-json\/wp\/v2\/media\/181064"}],"wp:attachment":[{"href":"https:\/\/www.nationalturk.com\/tr\/wp-json\/wp\/v2\/media?parent=125654"}],"wp:term":[{"taxonomy":"category","embeddable":true,"href":"https:\/\/www.nationalturk.com\/tr\/wp-json\/wp\/v2\/categories?post=125654"},{"taxonomy":"post_tag","embeddable":true,"href":"https:\/\/www.nationalturk.com\/tr\/wp-json\/wp\/v2\/tags?post=125654"}],"curies":[{"name":"wp","href":"https:\/\/api.w.org\/{rel}","templated":true}]}}