{"id":125709,"date":"2012-12-22T11:27:26","date_gmt":"2012-12-22T09:27:26","guid":{"rendered":"http:\/\/www.nationalturk.com\/?p=125709"},"modified":"2012-12-22T11:33:23","modified_gmt":"2012-12-22T09:33:23","slug":"bulent-arinc-canakkale-125709","status":"publish","type":"post","link":"https:\/\/www.nationalturk.com\/tr\/bulent-arinc-canakkale-125709\/","title":{"rendered":"Ba\u015fbakan Yard\u0131mc\u0131s\u0131 B\u00fclent Ar\u0131n\u00e7 \u00c7anakkale&#8217;de"},"content":{"rendered":"<h1><a href=\"http:\/\/www.nationalturk.com\/tr\/wp-content\/uploads\/2012\/12\/bulent-arinc-canakkale.jpg\"><img loading=\"lazy\" decoding=\"async\" class=\"alignleft size-medium wp-image-125710\" alt=\"Ba\u015fbakan Yard\u0131mc\u0131s\u0131 B\u00fclent Ar\u0131n\u00e7 \u00c7anakkale&#039;de\" src=\"http:\/\/www.nationalturk.com\/tr\/wp-content\/uploads\/2012\/12\/bulent-arinc-canakkale-280x193.jpg\" width=\"280\" height=\"193\" title=\"\" srcset=\"https:\/\/www.nationalturk.com\/tr\/wp-content\/uploads\/2012\/12\/bulent-arinc-canakkale-280x193.jpg 280w, https:\/\/www.nationalturk.com\/tr\/wp-content\/uploads\/2012\/12\/bulent-arinc-canakkale.jpg 500w\" sizes=\"auto, (max-width: 280px) 100vw, 280px\" \/><\/a>Ba\u015fbakan Yard\u0131mc\u0131s\u0131 B\u00fclent Ar\u0131n\u00e7 \u00e7e\u015fitli a\u00e7\u0131l\u0131\u015f ve programlara kat\u0131lmak \u00fczere \u00c7anakkale&#8217;ye gitti.<\/h1>\n<p>Ba\u015fbakan Yard\u0131mc\u0131s\u0131 Ar\u0131n\u00e7, ilk olarak \u00c7anakkale Valisi G\u00fcng\u00f6r Azim Tuna&#8217;y\u0131 makam\u0131nda ziyaret etti. Burada k\u0131sa bir a\u00e7\u0131klama yapan Ar\u0131n\u00e7, \u00c7anakkale&#8217;ye yine g\u00fczel bir vesileyle ziyarette bulundu\u011funu belirterek, &#8220;Bu ak\u015fam \u015eeb-i Arus t\u00f6renleri Gelibolu Mevlevihanesi&#8217;nde yap\u0131lacak. Ge\u00e7en y\u0131l \u00e7ok g\u00fczel bir ba\u015flang\u0131\u00e7 oldu. Balkan \u00fclkelerinden siyaset\u00e7iler, bilimadamlar\u0131, belediye ba\u015fkanlar\u0131 bu g\u00fczel geceye kat\u0131l\u0131yor. Ge\u00e7en y\u0131l Ba\u015fbakan Yard\u0131mc\u0131s\u0131 Bekir Bozda\u011f kat\u0131lm\u0131\u015ft\u0131, bu y\u0131l bana nasip oldu. Bundan dolay\u0131 \u00e7ok memnunum. Bug\u00fcn ayn\u0131 zamanda \u00c7anakkale Onsekiz Mart \u00dcniversitesi \u0130lahiyat Fak\u00fcltesi&#8217;nin yeni binas\u0131n\u0131n temel atma t\u00f6renini ger\u00e7ekle\u015ftirece\u011fiz. Hay\u0131rsever i\u015fadamlar\u0131, bu g\u00fczel i\u015fi \u00fczerlerine ald\u0131. Yine g\u00fcn i\u00e7inde baz\u0131 ziyaretlerimiz olacak. \u00c7anakkale&#8217;ye her geldi\u011fimde daha geli\u015fmi\u015f, daha iyi hayat\u0131n ya\u015fand\u0131\u011f\u0131 bir belde olarak g\u00f6r\u00fcyorum.&#8221; dedi.<\/p>\n<p>Konu\u015fman\u0131n ard\u0131ndan Vali Tuna, Ar\u0131n\u00e7&#8217;a \u00fczerinde semazen fig\u00fcr\u00fc bulunan bir tablo hediye etti.<\/p>\n<!-- Error, Advert is not available at this time due to schedule\/geolocation restrictions! -->\n<p>&nbsp;<\/p>\n","protected":false},"excerpt":{"rendered":"<p>Ba\u015fbakan Yard\u0131mc\u0131s\u0131 B\u00fclent Ar\u0131n\u00e7 \u00e7e\u015fitli a\u00e7\u0131l\u0131\u015f ve programlara kat\u0131lmak \u00fczere \u00c7anakkale&#8217;ye gitti.<\/p>\n","protected":false},"author":3,"featured_media":181058,"comment_status":"open","ping_status":"open","sticky":false,"template":"","format":"standard","meta":{"_acf_changed":false,"footnotes":""},"categories":[6155,5005,6202,6805],"tags":[28192,12343,4208,118861,112679,118430],"class_list":["post-125709","post","type-post","status-publish","format-standard","has-post-thumbnail","hentry","category-gundem","category-manset","category-politika","category-turkiye","tag-basbakan-yardimcisi-bulent-arinc","tag-bekir-bozdag","tag-bulent-arinc","tag-canakkale-onsekiz-mart-universitesi","tag-gungor-azim-tuna","tag-seb-i-arus-toreni"],"acf":[],"_links":{"self":[{"href":"https:\/\/www.nationalturk.com\/tr\/wp-json\/wp\/v2\/posts\/125709","targetHints":{"allow":["GET"]}}],"collection":[{"href":"https:\/\/www.nationalturk.com\/tr\/wp-json\/wp\/v2\/posts"}],"about":[{"href":"https:\/\/www.nationalturk.com\/tr\/wp-json\/wp\/v2\/types\/post"}],"author":[{"embeddable":true,"href":"https:\/\/www.nationalturk.com\/tr\/wp-json\/wp\/v2\/users\/3"}],"replies":[{"embeddable":true,"href":"https:\/\/www.nationalturk.com\/tr\/wp-json\/wp\/v2\/comments?post=125709"}],"version-history":[{"count":0,"href":"https:\/\/www.nationalturk.com\/tr\/wp-json\/wp\/v2\/posts\/125709\/revisions"}],"wp:featuredmedia":[{"embeddable":true,"href":"https:\/\/www.nationalturk.com\/tr\/wp-json\/wp\/v2\/media\/181058"}],"wp:attachment":[{"href":"https:\/\/www.nationalturk.com\/tr\/wp-json\/wp\/v2\/media?parent=125709"}],"wp:term":[{"taxonomy":"category","embeddable":true,"href":"https:\/\/www.nationalturk.com\/tr\/wp-json\/wp\/v2\/categories?post=125709"},{"taxonomy":"post_tag","embeddable":true,"href":"https:\/\/www.nationalturk.com\/tr\/wp-json\/wp\/v2\/tags?post=125709"}],"curies":[{"name":"wp","href":"https:\/\/api.w.org\/{rel}","templated":true}]}}